{"id":19117,"date":"2019-12-06T17:23:06","date_gmt":"2019-12-06T16:23:06","guid":{"rendered":"https:\/\/stage.cmclift.com\/uncategorized\/cmc-alessio-fasano-marketing\/"},"modified":"2024-04-16T14:32:53","modified_gmt":"2024-04-16T12:32:53","slug":"alessio-fasano-is-the-new-head-of-marketing","status":"publish","type":"post","link":"https:\/\/www.cmclift.com\/en\/news-en\/alessio-fasano-is-the-new-head-of-marketing\/","title":{"rendered":"PRESS RELEASE: ALESSIO FASANO IS THE NEW MARKETING SPECIALIST OF CMC"},"content":{"rendered":"&#13;\n<p>La famiglia di CMC cresce al crescere delle quote di mercato conquistate dall&#8217;azienda barese nel 2019, e aggiunge al dipartimento Marketing, Alessio Fasano, neo-responsabile dell&#8217;area funzionale.<\/p>&#13;\n&#13;\n<p>Alessio, laureatosi al corso magistrale in Marketing presso la facolt\u00e0 di Economia dell&#8217;Universit\u00e0 degli Studi di Bari nel 2013 con il massimo dei voti, discutendo una tesi in Analisi Statistica del Comportamento del Consumatore, ha maturato diverse esperienza di crescita personale-professionale all&#8217;estero, prendendo parte a progetti internazionali promossi da enti pubblici e privati che lo hanno portato a confrontarsi con le piazze di Edimburgo, Miami, Birmingham, Wroclaw, nella Polonia Occidentale, permettendogli di dare ampio sfogo alla sua vocazione internazionale.<\/p>&#13;\n&#13;\n<p>Proprio nella cittadina polacca a met\u00e0 2015, ha inoltre conseguito un master in Banking e International Law, ottenuto dopo uno stage in Banca Santander, competenze che completano la sua formazione aziendale.<\/p>&#13;\n&#13;\n<p>In merito a questa nuova opportunit\u00e0, Alessio Fasano si \u00e8 cos\u00ec espresso: &#8220;In CMC si parlano tutte le lingue del mondo e si respira l&#8217;aria della diversit\u00e0 e della competizione internazionale. Trovare tutte queste cose nella propria citt\u00e0 \u00e8 qualcosa di unico. Far\u00f2 del mio meglio per ripagare la fiducia che mi \u00e8 stata concessa. &#8220;<\/p>&#13;\n","protected":false},"excerpt":{"rendered":"<p>&#13; La famiglia di CMC cresce al crescere delle quote di mercato conquistate dall&#8217;azienda barese nel 2019, e aggiunge al&#8230;<\/p>\n","protected":false},"author":9,"featured_media":19588,"comment_status":"closed","ping_status":"closed","sticky":false,"template":"","format":"standard","meta":{"footnotes":""},"categories":[66],"tags":[72,89,74],"class_list":{"0":"post-19117","1":"post","2":"type-post","3":"status-publish","4":"format-standard","5":"has-post-thumbnail","7":"category-news-en","8":"tag-cmc-en-2","9":"tag-cmc-aeral-platforms-en-en","10":"tag-cmc-lift-en-2"},"yoast_head":"<!-- This site is optimized with the Yoast SEO plugin v27.5 - https:\/\/yoast.com\/product\/yoast-seo-wordpress\/ -->\n<title>PRESS RELEASE: ALESSIO FASANO IS THE NEW MARKETING SPECIALIST OF CMC - CMC THE SPECIALIFT<\/title>\n<meta name=\"description\" content=\"&#013; La famiglia di CMC cresce al crescere delle quote di mercato conquistate dall&#039;azienda barese nel 2019, e aggiunge al dipartimento Marketing, Alessio\" \/>\n<meta name=\"robots\" content=\"index, follow, max-snippet:-1, max-image-preview:large, max-video-preview:-1\" \/>\n<link rel=\"canonical\" href=\"https:\/\/www.cmclift.com\/en\/news-en\/alessio-fasano-is-the-new-head-of-marketing\/\" \/>\n<meta property=\"og:locale\" content=\"en_US\" \/>\n<meta property=\"og:type\" content=\"article\" \/>\n<meta property=\"og:title\" content=\"PRESS RELEASE: ALESSIO FASANO IS THE NEW MARKETING SPECIALIST OF CMC - CMC THE SPECIALIFT\" \/>\n<meta property=\"og:description\" content=\"&#013; La famiglia di CMC cresce al crescere delle quote di mercato conquistate dall&#039;azienda barese nel 2019, e aggiunge al dipartimento Marketing, Alessio\" \/>\n<meta property=\"og:url\" content=\"https:\/\/www.cmclift.com\/en\/news-en\/alessio-fasano-is-the-new-head-of-marketing\/\" \/>\n<meta property=\"og:site_name\" content=\"CMC THE SPECIALIFT\" \/>\n<meta property=\"article:published_time\" content=\"2019-12-06T16:23:06+00:00\" \/>\n<meta property=\"article:modified_time\" content=\"2024-04-16T12:32:53+00:00\" \/>\n<meta property=\"og:image\" content=\"https:\/\/www.cmclift.com\/wp-content\/uploads\/2019\/12\/img-2.jpg\" \/>\n\t<meta property=\"og:image:width\" content=\"867\" \/>\n\t<meta property=\"og:image:height\" content=\"540\" \/>\n\t<meta property=\"og:image:type\" content=\"image\/jpeg\" \/>\n<meta name=\"author\" content=\"cmc\" \/>\n<meta name=\"twitter:card\" content=\"summary_large_image\" \/>\n<meta name=\"twitter:label1\" content=\"Written by\" \/>\n\t<meta name=\"twitter:data1\" content=\"cmc\" \/>\n\t<meta name=\"twitter:label2\" content=\"Est. reading time\" \/>\n\t<meta name=\"twitter:data2\" content=\"1 minute\" \/>\n<script type=\"application\/ld+json\" class=\"yoast-schema-graph\">{\"@context\":\"https:\\\/\\\/schema.org\",\"@graph\":[{\"@type\":\"Article\",\"@id\":\"https:\\\/\\\/www.cmclift.com\\\/en\\\/news-en\\\/alessio-fasano-is-the-new-head-of-marketing\\\/#article\",\"isPartOf\":{\"@id\":\"https:\\\/\\\/www.cmclift.com\\\/en\\\/news-en\\\/alessio-fasano-is-the-new-head-of-marketing\\\/\"},\"author\":{\"name\":\"cmc\",\"@id\":\"https:\\\/\\\/www.cmclift.com\\\/en\\\/#\\\/schema\\\/person\\\/a22a59dedbc5326cf43be189368f497c\"},\"headline\":\"PRESS RELEASE: ALESSIO FASANO IS THE NEW MARKETING SPECIALIST OF CMC\",\"datePublished\":\"2019-12-06T16:23:06+00:00\",\"dateModified\":\"2024-04-16T12:32:53+00:00\",\"mainEntityOfPage\":{\"@id\":\"https:\\\/\\\/www.cmclift.com\\\/en\\\/news-en\\\/alessio-fasano-is-the-new-head-of-marketing\\\/\"},\"wordCount\":196,\"publisher\":{\"@id\":\"https:\\\/\\\/www.cmclift.com\\\/en\\\/#organization\"},\"image\":{\"@id\":\"https:\\\/\\\/www.cmclift.com\\\/en\\\/news-en\\\/alessio-fasano-is-the-new-head-of-marketing\\\/#primaryimage\"},\"thumbnailUrl\":\"https:\\\/\\\/www.cmclift.com\\\/wp-content\\\/uploads\\\/2019\\\/12\\\/img-2.jpg\",\"keywords\":[\"CMC\",\"CMC Aeral Platforms\",\"CMC LIFT\"],\"articleSection\":[\"News\"],\"inLanguage\":\"en-US\"},{\"@type\":\"WebPage\",\"@id\":\"https:\\\/\\\/www.cmclift.com\\\/en\\\/news-en\\\/alessio-fasano-is-the-new-head-of-marketing\\\/\",\"url\":\"https:\\\/\\\/www.cmclift.com\\\/en\\\/news-en\\\/alessio-fasano-is-the-new-head-of-marketing\\\/\",\"name\":\"PRESS RELEASE: ALESSIO FASANO IS THE NEW MARKETING SPECIALIST OF CMC - CMC THE SPECIALIFT\",\"isPartOf\":{\"@id\":\"https:\\\/\\\/www.cmclift.com\\\/en\\\/#website\"},\"primaryImageOfPage\":{\"@id\":\"https:\\\/\\\/www.cmclift.com\\\/en\\\/news-en\\\/alessio-fasano-is-the-new-head-of-marketing\\\/#primaryimage\"},\"image\":{\"@id\":\"https:\\\/\\\/www.cmclift.com\\\/en\\\/news-en\\\/alessio-fasano-is-the-new-head-of-marketing\\\/#primaryimage\"},\"thumbnailUrl\":\"https:\\\/\\\/www.cmclift.com\\\/wp-content\\\/uploads\\\/2019\\\/12\\\/img-2.jpg\",\"datePublished\":\"2019-12-06T16:23:06+00:00\",\"dateModified\":\"2024-04-16T12:32:53+00:00\",\"description\":\"&#13; La famiglia di CMC cresce al crescere delle quote di mercato conquistate dall'azienda barese nel 2019, e aggiunge al dipartimento Marketing, Alessio\",\"breadcrumb\":{\"@id\":\"https:\\\/\\\/www.cmclift.com\\\/en\\\/news-en\\\/alessio-fasano-is-the-new-head-of-marketing\\\/#breadcrumb\"},\"inLanguage\":\"en-US\",\"potentialAction\":[{\"@type\":\"ReadAction\",\"target\":[\"https:\\\/\\\/www.cmclift.com\\\/en\\\/news-en\\\/alessio-fasano-is-the-new-head-of-marketing\\\/\"]}]},{\"@type\":\"ImageObject\",\"inLanguage\":\"en-US\",\"@id\":\"https:\\\/\\\/www.cmclift.com\\\/en\\\/news-en\\\/alessio-fasano-is-the-new-head-of-marketing\\\/#primaryimage\",\"url\":\"https:\\\/\\\/www.cmclift.com\\\/wp-content\\\/uploads\\\/2019\\\/12\\\/img-2.jpg\",\"contentUrl\":\"https:\\\/\\\/www.cmclift.com\\\/wp-content\\\/uploads\\\/2019\\\/12\\\/img-2.jpg\",\"width\":867,\"height\":540},{\"@type\":\"BreadcrumbList\",\"@id\":\"https:\\\/\\\/www.cmclift.com\\\/en\\\/news-en\\\/alessio-fasano-is-the-new-head-of-marketing\\\/#breadcrumb\",\"itemListElement\":[{\"@type\":\"ListItem\",\"position\":1,\"name\":\"Home\",\"item\":\"https:\\\/\\\/www.cmclift.com\\\/en\\\/\"},{\"@type\":\"ListItem\",\"position\":2,\"name\":\"PRESS RELEASE: ALESSIO FASANO IS THE NEW MARKETING SPECIALIST OF CMC\"}]},{\"@type\":\"WebSite\",\"@id\":\"https:\\\/\\\/www.cmclift.com\\\/en\\\/#website\",\"url\":\"https:\\\/\\\/www.cmclift.com\\\/en\\\/\",\"name\":\"CMC THE SPECIALIFT\",\"description\":\"Piattaforme aeree, telescopiche e articolate\",\"publisher\":{\"@id\":\"https:\\\/\\\/www.cmclift.com\\\/en\\\/#organization\"},\"potentialAction\":[{\"@type\":\"SearchAction\",\"target\":{\"@type\":\"EntryPoint\",\"urlTemplate\":\"https:\\\/\\\/www.cmclift.com\\\/en\\\/?s={search_term_string}\"},\"query-input\":{\"@type\":\"PropertyValueSpecification\",\"valueRequired\":true,\"valueName\":\"search_term_string\"}}],\"inLanguage\":\"en-US\"},{\"@type\":\"Organization\",\"@id\":\"https:\\\/\\\/www.cmclift.com\\\/en\\\/#organization\",\"name\":\"CMC Lift\",\"url\":\"https:\\\/\\\/www.cmclift.com\\\/en\\\/\",\"logo\":{\"@type\":\"ImageObject\",\"inLanguage\":\"en-US\",\"@id\":\"https:\\\/\\\/www.cmclift.com\\\/en\\\/#\\\/schema\\\/logo\\\/image\\\/\",\"url\":\"https:\\\/\\\/www.cmclift.com\\\/wp-content\\\/uploads\\\/2021\\\/08\\\/CMC_bianco_footer-2.png\",\"contentUrl\":\"https:\\\/\\\/www.cmclift.com\\\/wp-content\\\/uploads\\\/2021\\\/08\\\/CMC_bianco_footer-2.png\",\"width\":250,\"height\":84,\"caption\":\"CMC Lift\"},\"image\":{\"@id\":\"https:\\\/\\\/www.cmclift.com\\\/en\\\/#\\\/schema\\\/logo\\\/image\\\/\"}},{\"@type\":\"Person\",\"@id\":\"https:\\\/\\\/www.cmclift.com\\\/en\\\/#\\\/schema\\\/person\\\/a22a59dedbc5326cf43be189368f497c\",\"name\":\"cmc\",\"image\":{\"@type\":\"ImageObject\",\"inLanguage\":\"en-US\",\"@id\":\"https:\\\/\\\/secure.gravatar.com\\\/avatar\\\/8497ad135a66f93e4f8464668522ca24458a2fc659df14ce7e5199b13770755a?s=96&d=mm&r=g\",\"url\":\"https:\\\/\\\/secure.gravatar.com\\\/avatar\\\/8497ad135a66f93e4f8464668522ca24458a2fc659df14ce7e5199b13770755a?s=96&d=mm&r=g\",\"contentUrl\":\"https:\\\/\\\/secure.gravatar.com\\\/avatar\\\/8497ad135a66f93e4f8464668522ca24458a2fc659df14ce7e5199b13770755a?s=96&d=mm&r=g\",\"caption\":\"cmc\"},\"url\":\"https:\\\/\\\/www.cmclift.com\\\/en\\\/author\\\/cmc\\\/\"}]}<\/script>\n<!-- \/ Yoast SEO plugin. -->","yoast_head_json":{"title":"PRESS RELEASE: ALESSIO FASANO IS THE NEW MARKETING SPECIALIST OF CMC - CMC THE SPECIALIFT","description":"&#13; La famiglia di CMC cresce al crescere delle quote di mercato conquistate dall'azienda barese nel 2019, e aggiunge al dipartimento Marketing, Alessio","robots":{"index":"index","follow":"follow","max-snippet":"max-snippet:-1","max-image-preview":"max-image-preview:large","max-video-preview":"max-video-preview:-1"},"canonical":"https:\/\/www.cmclift.com\/en\/news-en\/alessio-fasano-is-the-new-head-of-marketing\/","og_locale":"en_US","og_type":"article","og_title":"PRESS RELEASE: ALESSIO FASANO IS THE NEW MARKETING SPECIALIST OF CMC - CMC THE SPECIALIFT","og_description":"&#13; La famiglia di CMC cresce al crescere delle quote di mercato conquistate dall'azienda barese nel 2019, e aggiunge al dipartimento Marketing, Alessio","og_url":"https:\/\/www.cmclift.com\/en\/news-en\/alessio-fasano-is-the-new-head-of-marketing\/","og_site_name":"CMC THE SPECIALIFT","article_published_time":"2019-12-06T16:23:06+00:00","article_modified_time":"2024-04-16T12:32:53+00:00","og_image":[{"width":867,"height":540,"url":"https:\/\/www.cmclift.com\/wp-content\/uploads\/2019\/12\/img-2.jpg","type":"image\/jpeg"}],"author":"cmc","twitter_card":"summary_large_image","twitter_misc":{"Written by":"cmc","Est. reading time":"1 minute"},"schema":{"@context":"https:\/\/schema.org","@graph":[{"@type":"Article","@id":"https:\/\/www.cmclift.com\/en\/news-en\/alessio-fasano-is-the-new-head-of-marketing\/#article","isPartOf":{"@id":"https:\/\/www.cmclift.com\/en\/news-en\/alessio-fasano-is-the-new-head-of-marketing\/"},"author":{"name":"cmc","@id":"https:\/\/www.cmclift.com\/en\/#\/schema\/person\/a22a59dedbc5326cf43be189368f497c"},"headline":"PRESS RELEASE: ALESSIO FASANO IS THE NEW MARKETING SPECIALIST OF CMC","datePublished":"2019-12-06T16:23:06+00:00","dateModified":"2024-04-16T12:32:53+00:00","mainEntityOfPage":{"@id":"https:\/\/www.cmclift.com\/en\/news-en\/alessio-fasano-is-the-new-head-of-marketing\/"},"wordCount":196,"publisher":{"@id":"https:\/\/www.cmclift.com\/en\/#organization"},"image":{"@id":"https:\/\/www.cmclift.com\/en\/news-en\/alessio-fasano-is-the-new-head-of-marketing\/#primaryimage"},"thumbnailUrl":"https:\/\/www.cmclift.com\/wp-content\/uploads\/2019\/12\/img-2.jpg","keywords":["CMC","CMC Aeral Platforms","CMC LIFT"],"articleSection":["News"],"inLanguage":"en-US"},{"@type":"WebPage","@id":"https:\/\/www.cmclift.com\/en\/news-en\/alessio-fasano-is-the-new-head-of-marketing\/","url":"https:\/\/www.cmclift.com\/en\/news-en\/alessio-fasano-is-the-new-head-of-marketing\/","name":"PRESS RELEASE: ALESSIO FASANO IS THE NEW MARKETING SPECIALIST OF CMC - CMC THE SPECIALIFT","isPartOf":{"@id":"https:\/\/www.cmclift.com\/en\/#website"},"primaryImageOfPage":{"@id":"https:\/\/www.cmclift.com\/en\/news-en\/alessio-fasano-is-the-new-head-of-marketing\/#primaryimage"},"image":{"@id":"https:\/\/www.cmclift.com\/en\/news-en\/alessio-fasano-is-the-new-head-of-marketing\/#primaryimage"},"thumbnailUrl":"https:\/\/www.cmclift.com\/wp-content\/uploads\/2019\/12\/img-2.jpg","datePublished":"2019-12-06T16:23:06+00:00","dateModified":"2024-04-16T12:32:53+00:00","description":"&#13; La famiglia di CMC cresce al crescere delle quote di mercato conquistate dall'azienda barese nel 2019, e aggiunge al dipartimento Marketing, Alessio","breadcrumb":{"@id":"https:\/\/www.cmclift.com\/en\/news-en\/alessio-fasano-is-the-new-head-of-marketing\/#breadcrumb"},"inLanguage":"en-US","potentialAction":[{"@type":"ReadAction","target":["https:\/\/www.cmclift.com\/en\/news-en\/alessio-fasano-is-the-new-head-of-marketing\/"]}]},{"@type":"ImageObject","inLanguage":"en-US","@id":"https:\/\/www.cmclift.com\/en\/news-en\/alessio-fasano-is-the-new-head-of-marketing\/#primaryimage","url":"https:\/\/www.cmclift.com\/wp-content\/uploads\/2019\/12\/img-2.jpg","contentUrl":"https:\/\/www.cmclift.com\/wp-content\/uploads\/2019\/12\/img-2.jpg","width":867,"height":540},{"@type":"BreadcrumbList","@id":"https:\/\/www.cmclift.com\/en\/news-en\/alessio-fasano-is-the-new-head-of-marketing\/#breadcrumb","itemListElement":[{"@type":"ListItem","position":1,"name":"Home","item":"https:\/\/www.cmclift.com\/en\/"},{"@type":"ListItem","position":2,"name":"PRESS RELEASE: ALESSIO FASANO IS THE NEW MARKETING SPECIALIST OF CMC"}]},{"@type":"WebSite","@id":"https:\/\/www.cmclift.com\/en\/#website","url":"https:\/\/www.cmclift.com\/en\/","name":"CMC THE SPECIALIFT","description":"Piattaforme aeree, telescopiche e articolate","publisher":{"@id":"https:\/\/www.cmclift.com\/en\/#organization"},"potentialAction":[{"@type":"SearchAction","target":{"@type":"EntryPoint","urlTemplate":"https:\/\/www.cmclift.com\/en\/?s={search_term_string}"},"query-input":{"@type":"PropertyValueSpecification","valueRequired":true,"valueName":"search_term_string"}}],"inLanguage":"en-US"},{"@type":"Organization","@id":"https:\/\/www.cmclift.com\/en\/#organization","name":"CMC Lift","url":"https:\/\/www.cmclift.com\/en\/","logo":{"@type":"ImageObject","inLanguage":"en-US","@id":"https:\/\/www.cmclift.com\/en\/#\/schema\/logo\/image\/","url":"https:\/\/www.cmclift.com\/wp-content\/uploads\/2021\/08\/CMC_bianco_footer-2.png","contentUrl":"https:\/\/www.cmclift.com\/wp-content\/uploads\/2021\/08\/CMC_bianco_footer-2.png","width":250,"height":84,"caption":"CMC Lift"},"image":{"@id":"https:\/\/www.cmclift.com\/en\/#\/schema\/logo\/image\/"}},{"@type":"Person","@id":"https:\/\/www.cmclift.com\/en\/#\/schema\/person\/a22a59dedbc5326cf43be189368f497c","name":"cmc","image":{"@type":"ImageObject","inLanguage":"en-US","@id":"https:\/\/secure.gravatar.com\/avatar\/8497ad135a66f93e4f8464668522ca24458a2fc659df14ce7e5199b13770755a?s=96&d=mm&r=g","url":"https:\/\/secure.gravatar.com\/avatar\/8497ad135a66f93e4f8464668522ca24458a2fc659df14ce7e5199b13770755a?s=96&d=mm&r=g","contentUrl":"https:\/\/secure.gravatar.com\/avatar\/8497ad135a66f93e4f8464668522ca24458a2fc659df14ce7e5199b13770755a?s=96&d=mm&r=g","caption":"cmc"},"url":"https:\/\/www.cmclift.com\/en\/author\/cmc\/"}]}},"menu_order":0,"_links":{"self":[{"href":"https:\/\/www.cmclift.com\/en\/wp-json\/wp\/v2\/posts\/19117","targetHints":{"allow":["GET"]}}],"collection":[{"href":"https:\/\/www.cmclift.com\/en\/wp-json\/wp\/v2\/posts"}],"about":[{"href":"https:\/\/www.cmclift.com\/en\/wp-json\/wp\/v2\/types\/post"}],"author":[{"embeddable":true,"href":"https:\/\/www.cmclift.com\/en\/wp-json\/wp\/v2\/users\/9"}],"replies":[{"embeddable":true,"href":"https:\/\/www.cmclift.com\/en\/wp-json\/wp\/v2\/comments?post=19117"}],"version-history":[{"count":5,"href":"https:\/\/www.cmclift.com\/en\/wp-json\/wp\/v2\/posts\/19117\/revisions"}],"predecessor-version":[{"id":39792,"href":"https:\/\/www.cmclift.com\/en\/wp-json\/wp\/v2\/posts\/19117\/revisions\/39792"}],"wp:featuredmedia":[{"embeddable":true,"href":"https:\/\/www.cmclift.com\/en\/wp-json\/wp\/v2\/media\/19588"}],"wp:attachment":[{"href":"https:\/\/www.cmclift.com\/en\/wp-json\/wp\/v2\/media?parent=19117"}],"wp:term":[{"taxonomy":"category","embeddable":true,"href":"https:\/\/www.cmclift.com\/en\/wp-json\/wp\/v2\/categories?post=19117"},{"taxonomy":"post_tag","embeddable":true,"href":"https:\/\/www.cmclift.com\/en\/wp-json\/wp\/v2\/tags?post=19117"}],"curies":[{"name":"wp","href":"https:\/\/api.w.org\/{rel}","templated":true}]}}