{"id":24822,"date":"2022-04-21T16:00:48","date_gmt":"2022-04-21T14:00:48","guid":{"rendered":"https:\/\/www.cmclift.com\/?p=24822"},"modified":"2022-04-21T16:22:01","modified_gmt":"2022-04-21T14:22:01","slug":"cmc-vuelve-a-ser-protagonista-de-los-eventos-del-sector","status":"publish","type":"post","link":"https:\/\/www.cmclift.com\/es\/noticias\/cmc-vuelve-a-ser-protagonista-de-los-eventos-del-sector\/","title":{"rendered":"CMC VUELVE A SER PROTAGONISTA DE LOS EVENTOS DEL SECTOR"},"content":{"rendered":"<div class=\"wpb-content-wrapper\"><p>[vc_row][vc_column][vc_column_text]<span style=\"font-weight: 400;\">Tal y como se preve\u00eda, 2022 marca oficialmente el regreso de los eventos f\u00edsicos y las conferencias cara a cara entre los principales actores del sector de la elevaci\u00f3n.<br \/>\n<\/span><span style=\"font-weight: 400;\">Despu\u00e9s de haber sido el patrocinador principal de los IAPA Awards 2022, CMC est\u00e1 bien preparada para los pr\u00f3ximos eventos que la llevar\u00e1n al centro del escenario durante todo el a\u00f1o.<\/span><\/p>\n<p><span style=\"font-weight: 400;\">Se empieza en Peterborough: del 11 al 12 de mayo CMC participar\u00e1 en los Vertikal Days 2022, un evento dedicado al sector de los equipos de acceso a\u00e9reo y de la elevaci\u00f3n. Por segunda vez consecutiva, CMC ha sido elegida por Ipaf, la federaci\u00f3n mundial de seguridad de plataformas de trabajo a\u00e9reo, para exponer la plataforma CMC S18F MY 2022 en su stand, reforzando el v\u00ednculo impl\u00edcito entre la seguridad y CMC.<\/span><span style=\"font-weight: 400;\"><br \/>\n<\/span><span style=\"font-weight: 400;\">Del Reino Unido a Noruega el paso es corto. En Lillestr\u00f8m, del 11 al 14 de mayo, CMC participar\u00e1, junto con su distribuidor en el pa\u00eds n\u00f3rdico, en la 17\u00aa edici\u00f3n de la feria Vei Og Anlegg, que ya hab\u00eda sido pospuesta debido a la pandemia. Ser\u00e1 una oportunidad importante para ganar visibilidad en un pa\u00eds en el que las plataformas a\u00e9reas de oruga CMC est\u00e1n ganando una cuota de mercado cada vez mayor. Lo mismo ocurre en Alemania, donde se ha producido un notable aumento de los pedidos gracias al compromiso constante de la filial alemana CMC ARBEITSB\u00dcHNEN. No es casualidad que CMC participe en Born To Lift en W\u00fcrzburg los d\u00edas 24 y 25 de mayo. Confirmada tambi\u00e9n la participaci\u00f3n de CMC\u00a0 en el evento europeo m\u00e1s importante para todo el sector de la maquinaria y los equipos de construcci\u00f3n: BAUMA 2022, que volver\u00e1 a celebrarse en M\u00fanich del 24 al 30 de octubre, tras el paro por la pandemia.<br \/>\n<\/span><span style=\"font-weight: 400;\"><br \/>\n<\/span><span style=\"font-weight: 400;\">La empresa se confirma especialista no solo en la construcci\u00f3n de plataformas de ara\u00f1a, sino tambi\u00e9n en la formaci\u00f3n sobre su correcto uso. De hecho, a partir del 26 de mayo en Bolonia, CMC ser\u00e1 el patrocinador platino de IPAF ANCH&#8217;IO, el principal evento italiano de la asociaci\u00f3n que promueve el uso correcto de los equipos m\u00f3viles de acceso a\u00e9reo en el mundo y de la que CMC es uno de los miembros fundadores. <\/span><span style=\"font-weight: 400;\">El compromiso junto a IPAF continuar\u00e1 con la participaci\u00f3n de CMC en el doble papel de expositor y patrocinador del evento en Europlatform 2022 en Roma el 15 de septiembre.<br \/>\nFinalmente, tras el Bauma en Europa, el \u00faltimo esfuerzo ferial de CMC para 2022 ser\u00e1 en China, para Bauma China, un evento que tendr\u00e1 lugar en el espl\u00e9ndido escenario del centro de congresos SNIEC del 22 al 25 de noviembre, y en el que CMC volver\u00e1 a ser protagonista, junto a su distribuidor chino High Boom Lift.\u00a0<\/span>[\/vc_column_text][\/vc_column][\/vc_row]<\/p>\n<\/div>","protected":false},"excerpt":{"rendered":"<p>[vc_row][vc_column][vc_column_text]Tal y como se preve\u00eda, 2022 marca oficialmente el regreso de los eventos f\u00edsicos y las conferencias cara a cara&#8230;<\/p>\n","protected":false},"author":9,"featured_media":24796,"comment_status":"closed","ping_status":"open","sticky":false,"template":"","format":"standard","meta":{"footnotes":""},"categories":[135,136],"tags":[241,243,137,138,140,239,244,240,242],"class_list":{"0":"post-24822","1":"post","2":"type-post","3":"status-publish","4":"format-standard","5":"has-post-thumbnail","7":"category-eventos","8":"category-noticias","9":"tag-bauma-2022-es","10":"tag-born-to-lift-es","11":"tag-cmc-es","12":"tag-cmc-aeral-platforms-en-es","13":"tag-cmc-the-specialift-es","14":"tag-europlatform-2022","15":"tag-innovations-tag-es","16":"tag-vei-og-anlegg-2022","17":"tag-vertikal-days-2022-es"},"yoast_head":"<!-- This site is optimized with the Yoast SEO plugin v27.5 - https:\/\/yoast.com\/product\/yoast-seo-wordpress\/ -->\n<title>CMC VUELVE A SER PROTAGONISTA DE LOS EVENTOS DEL SECTOR<\/title>\n<meta name=\"description\" content=\"CMC est\u00e1 bien preparada para los pr\u00f3ximos eventos del sector de la elevaci\u00f3n que la llevar\u00e1n al centro del escenario durante todo el a\u00f1o.\" \/>\n<meta name=\"robots\" content=\"index, follow, max-snippet:-1, max-image-preview:large, max-video-preview:-1\" \/>\n<link rel=\"canonical\" href=\"https:\/\/www.cmclift.com\/es\/noticias\/cmc-vuelve-a-ser-protagonista-de-los-eventos-del-sector\/\" \/>\n<meta property=\"og:locale\" content=\"es_ES\" \/>\n<meta property=\"og:type\" content=\"article\" \/>\n<meta property=\"og:title\" content=\"CMC VUELVE A SER PROTAGONISTA DE LOS EVENTOS DEL SECTOR\" \/>\n<meta property=\"og:description\" content=\"CMC est\u00e1 bien preparada para los pr\u00f3ximos eventos del sector de la elevaci\u00f3n que la llevar\u00e1n al centro del escenario durante todo el a\u00f1o.\" \/>\n<meta property=\"og:url\" content=\"https:\/\/www.cmclift.com\/es\/noticias\/cmc-vuelve-a-ser-protagonista-de-los-eventos-del-sector\/\" \/>\n<meta property=\"og:site_name\" content=\"C.M.C. S.r.l.\" \/>\n<meta property=\"article:published_time\" content=\"2022-04-21T14:00:48+00:00\" \/>\n<meta property=\"article:modified_time\" content=\"2022-04-21T14:22:01+00:00\" \/>\n<meta property=\"og:image\" content=\"https:\/\/www.cmclift.com\/wp-content\/uploads\/2022\/04\/Press-Room.jpg\" \/>\n\t<meta property=\"og:image:width\" content=\"867\" \/>\n\t<meta property=\"og:image:height\" content=\"540\" \/>\n\t<meta property=\"og:image:type\" content=\"image\/jpeg\" \/>\n<meta name=\"author\" content=\"cmc\" \/>\n<meta name=\"twitter:card\" content=\"summary_large_image\" \/>\n<meta name=\"twitter:label1\" content=\"Escrito por\" \/>\n\t<meta name=\"twitter:data1\" content=\"cmc\" \/>\n\t<meta name=\"twitter:label2\" content=\"Tiempo de lectura\" \/>\n\t<meta name=\"twitter:data2\" content=\"3 minutos\" \/>\n<script type=\"application\/ld+json\" class=\"yoast-schema-graph\">{\"@context\":\"https:\\\/\\\/schema.org\",\"@graph\":[{\"@type\":\"Article\",\"@id\":\"https:\\\/\\\/www.cmclift.com\\\/es\\\/noticias\\\/cmc-vuelve-a-ser-protagonista-de-los-eventos-del-sector\\\/#article\",\"isPartOf\":{\"@id\":\"https:\\\/\\\/www.cmclift.com\\\/es\\\/noticias\\\/cmc-vuelve-a-ser-protagonista-de-los-eventos-del-sector\\\/\"},\"author\":{\"name\":\"cmc\",\"@id\":\"https:\\\/\\\/www.cmclift.com\\\/es\\\/#\\\/schema\\\/person\\\/a22a59dedbc5326cf43be189368f497c\"},\"headline\":\"CMC VUELVE A SER PROTAGONISTA DE LOS EVENTOS DEL SECTOR\",\"datePublished\":\"2022-04-21T14:00:48+00:00\",\"dateModified\":\"2022-04-21T14:22:01+00:00\",\"mainEntityOfPage\":{\"@id\":\"https:\\\/\\\/www.cmclift.com\\\/es\\\/noticias\\\/cmc-vuelve-a-ser-protagonista-de-los-eventos-del-sector\\\/\"},\"wordCount\":498,\"publisher\":{\"@id\":\"https:\\\/\\\/www.cmclift.com\\\/es\\\/#organization\"},\"image\":{\"@id\":\"https:\\\/\\\/www.cmclift.com\\\/es\\\/noticias\\\/cmc-vuelve-a-ser-protagonista-de-los-eventos-del-sector\\\/#primaryimage\"},\"thumbnailUrl\":\"https:\\\/\\\/www.cmclift.com\\\/wp-content\\\/uploads\\\/2022\\\/04\\\/Press-Room.jpg\",\"keywords\":[\"bauma 2022\",\"Born to lift\",\"CMC\",\"CMC Aeral Platforms\",\"CMC THE SPECIALIFT\",\"europlatform 2022\",\"innovation's tag\",\"vei og anlegg 2022\",\"vertikal days 2022\"],\"articleSection\":[\"Eventos\",\"Noticias\"],\"inLanguage\":\"es\"},{\"@type\":\"WebPage\",\"@id\":\"https:\\\/\\\/www.cmclift.com\\\/es\\\/noticias\\\/cmc-vuelve-a-ser-protagonista-de-los-eventos-del-sector\\\/\",\"url\":\"https:\\\/\\\/www.cmclift.com\\\/es\\\/noticias\\\/cmc-vuelve-a-ser-protagonista-de-los-eventos-del-sector\\\/\",\"name\":\"CMC VUELVE A SER PROTAGONISTA DE LOS EVENTOS DEL SECTOR\",\"isPartOf\":{\"@id\":\"https:\\\/\\\/www.cmclift.com\\\/es\\\/#website\"},\"primaryImageOfPage\":{\"@id\":\"https:\\\/\\\/www.cmclift.com\\\/es\\\/noticias\\\/cmc-vuelve-a-ser-protagonista-de-los-eventos-del-sector\\\/#primaryimage\"},\"image\":{\"@id\":\"https:\\\/\\\/www.cmclift.com\\\/es\\\/noticias\\\/cmc-vuelve-a-ser-protagonista-de-los-eventos-del-sector\\\/#primaryimage\"},\"thumbnailUrl\":\"https:\\\/\\\/www.cmclift.com\\\/wp-content\\\/uploads\\\/2022\\\/04\\\/Press-Room.jpg\",\"datePublished\":\"2022-04-21T14:00:48+00:00\",\"dateModified\":\"2022-04-21T14:22:01+00:00\",\"description\":\"CMC est\u00e1 bien preparada para los pr\u00f3ximos eventos del sector de la elevaci\u00f3n que la llevar\u00e1n al centro del escenario durante todo el a\u00f1o.\",\"breadcrumb\":{\"@id\":\"https:\\\/\\\/www.cmclift.com\\\/es\\\/noticias\\\/cmc-vuelve-a-ser-protagonista-de-los-eventos-del-sector\\\/#breadcrumb\"},\"inLanguage\":\"es\",\"potentialAction\":[{\"@type\":\"ReadAction\",\"target\":[\"https:\\\/\\\/www.cmclift.com\\\/es\\\/noticias\\\/cmc-vuelve-a-ser-protagonista-de-los-eventos-del-sector\\\/\"]}]},{\"@type\":\"ImageObject\",\"inLanguage\":\"es\",\"@id\":\"https:\\\/\\\/www.cmclift.com\\\/es\\\/noticias\\\/cmc-vuelve-a-ser-protagonista-de-los-eventos-del-sector\\\/#primaryimage\",\"url\":\"https:\\\/\\\/www.cmclift.com\\\/wp-content\\\/uploads\\\/2022\\\/04\\\/Press-Room.jpg\",\"contentUrl\":\"https:\\\/\\\/www.cmclift.com\\\/wp-content\\\/uploads\\\/2022\\\/04\\\/Press-Room.jpg\",\"width\":867,\"height\":540},{\"@type\":\"BreadcrumbList\",\"@id\":\"https:\\\/\\\/www.cmclift.com\\\/es\\\/noticias\\\/cmc-vuelve-a-ser-protagonista-de-los-eventos-del-sector\\\/#breadcrumb\",\"itemListElement\":[{\"@type\":\"ListItem\",\"position\":1,\"name\":\"Home\",\"item\":\"https:\\\/\\\/www.cmclift.com\\\/es\\\/\"},{\"@type\":\"ListItem\",\"position\":2,\"name\":\"CMC VUELVE A SER PROTAGONISTA DE LOS EVENTOS DEL SECTOR\"}]},{\"@type\":\"WebSite\",\"@id\":\"https:\\\/\\\/www.cmclift.com\\\/es\\\/#website\",\"url\":\"https:\\\/\\\/www.cmclift.com\\\/es\\\/\",\"name\":\"C.M.C. S.r.l.\",\"description\":\"Piattaforme aeree semoventi cingolate, ragni, telescopiche e articolate\",\"publisher\":{\"@id\":\"https:\\\/\\\/www.cmclift.com\\\/es\\\/#organization\"},\"potentialAction\":[{\"@type\":\"SearchAction\",\"target\":{\"@type\":\"EntryPoint\",\"urlTemplate\":\"https:\\\/\\\/www.cmclift.com\\\/es\\\/?s={search_term_string}\"},\"query-input\":{\"@type\":\"PropertyValueSpecification\",\"valueRequired\":true,\"valueName\":\"search_term_string\"}}],\"inLanguage\":\"es\"},{\"@type\":\"Organization\",\"@id\":\"https:\\\/\\\/www.cmclift.com\\\/es\\\/#organization\",\"name\":\"CMC Lift\",\"url\":\"https:\\\/\\\/www.cmclift.com\\\/es\\\/\",\"logo\":{\"@type\":\"ImageObject\",\"inLanguage\":\"es\",\"@id\":\"https:\\\/\\\/www.cmclift.com\\\/es\\\/#\\\/schema\\\/logo\\\/image\\\/\",\"url\":\"https:\\\/\\\/www.cmclift.com\\\/wp-content\\\/uploads\\\/2021\\\/08\\\/CMC_bianco_footer-2.png\",\"contentUrl\":\"https:\\\/\\\/www.cmclift.com\\\/wp-content\\\/uploads\\\/2021\\\/08\\\/CMC_bianco_footer-2.png\",\"width\":250,\"height\":84,\"caption\":\"CMC Lift\"},\"image\":{\"@id\":\"https:\\\/\\\/www.cmclift.com\\\/es\\\/#\\\/schema\\\/logo\\\/image\\\/\"}},{\"@type\":\"Person\",\"@id\":\"https:\\\/\\\/www.cmclift.com\\\/es\\\/#\\\/schema\\\/person\\\/a22a59dedbc5326cf43be189368f497c\",\"name\":\"cmc\",\"image\":{\"@type\":\"ImageObject\",\"inLanguage\":\"es\",\"@id\":\"https:\\\/\\\/secure.gravatar.com\\\/avatar\\\/8497ad135a66f93e4f8464668522ca24458a2fc659df14ce7e5199b13770755a?s=96&d=mm&r=g\",\"url\":\"https:\\\/\\\/secure.gravatar.com\\\/avatar\\\/8497ad135a66f93e4f8464668522ca24458a2fc659df14ce7e5199b13770755a?s=96&d=mm&r=g\",\"contentUrl\":\"https:\\\/\\\/secure.gravatar.com\\\/avatar\\\/8497ad135a66f93e4f8464668522ca24458a2fc659df14ce7e5199b13770755a?s=96&d=mm&r=g\",\"caption\":\"cmc\"},\"url\":\"https:\\\/\\\/www.cmclift.com\\\/es\\\/author\\\/cmc\\\/\"}]}<\/script>\n<!-- \/ Yoast SEO plugin. -->","yoast_head_json":{"title":"CMC VUELVE A SER PROTAGONISTA DE LOS EVENTOS DEL SECTOR","description":"CMC est\u00e1 bien preparada para los pr\u00f3ximos eventos del sector de la elevaci\u00f3n que la llevar\u00e1n al centro del escenario durante todo el a\u00f1o.","robots":{"index":"index","follow":"follow","max-snippet":"max-snippet:-1","max-image-preview":"max-image-preview:large","max-video-preview":"max-video-preview:-1"},"canonical":"https:\/\/www.cmclift.com\/es\/noticias\/cmc-vuelve-a-ser-protagonista-de-los-eventos-del-sector\/","og_locale":"es_ES","og_type":"article","og_title":"CMC VUELVE A SER PROTAGONISTA DE LOS EVENTOS DEL SECTOR","og_description":"CMC est\u00e1 bien preparada para los pr\u00f3ximos eventos del sector de la elevaci\u00f3n que la llevar\u00e1n al centro del escenario durante todo el a\u00f1o.","og_url":"https:\/\/www.cmclift.com\/es\/noticias\/cmc-vuelve-a-ser-protagonista-de-los-eventos-del-sector\/","og_site_name":"C.M.C. S.r.l.","article_published_time":"2022-04-21T14:00:48+00:00","article_modified_time":"2022-04-21T14:22:01+00:00","og_image":[{"width":867,"height":540,"url":"https:\/\/www.cmclift.com\/wp-content\/uploads\/2022\/04\/Press-Room.jpg","type":"image\/jpeg"}],"author":"cmc","twitter_card":"summary_large_image","twitter_misc":{"Escrito por":"cmc","Tiempo de lectura":"3 minutos"},"schema":{"@context":"https:\/\/schema.org","@graph":[{"@type":"Article","@id":"https:\/\/www.cmclift.com\/es\/noticias\/cmc-vuelve-a-ser-protagonista-de-los-eventos-del-sector\/#article","isPartOf":{"@id":"https:\/\/www.cmclift.com\/es\/noticias\/cmc-vuelve-a-ser-protagonista-de-los-eventos-del-sector\/"},"author":{"name":"cmc","@id":"https:\/\/www.cmclift.com\/es\/#\/schema\/person\/a22a59dedbc5326cf43be189368f497c"},"headline":"CMC VUELVE A SER PROTAGONISTA DE LOS EVENTOS DEL SECTOR","datePublished":"2022-04-21T14:00:48+00:00","dateModified":"2022-04-21T14:22:01+00:00","mainEntityOfPage":{"@id":"https:\/\/www.cmclift.com\/es\/noticias\/cmc-vuelve-a-ser-protagonista-de-los-eventos-del-sector\/"},"wordCount":498,"publisher":{"@id":"https:\/\/www.cmclift.com\/es\/#organization"},"image":{"@id":"https:\/\/www.cmclift.com\/es\/noticias\/cmc-vuelve-a-ser-protagonista-de-los-eventos-del-sector\/#primaryimage"},"thumbnailUrl":"https:\/\/www.cmclift.com\/wp-content\/uploads\/2022\/04\/Press-Room.jpg","keywords":["bauma 2022","Born to lift","CMC","CMC Aeral Platforms","CMC THE SPECIALIFT","europlatform 2022","innovation's tag","vei og anlegg 2022","vertikal days 2022"],"articleSection":["Eventos","Noticias"],"inLanguage":"es"},{"@type":"WebPage","@id":"https:\/\/www.cmclift.com\/es\/noticias\/cmc-vuelve-a-ser-protagonista-de-los-eventos-del-sector\/","url":"https:\/\/www.cmclift.com\/es\/noticias\/cmc-vuelve-a-ser-protagonista-de-los-eventos-del-sector\/","name":"CMC VUELVE A SER PROTAGONISTA DE LOS EVENTOS DEL SECTOR","isPartOf":{"@id":"https:\/\/www.cmclift.com\/es\/#website"},"primaryImageOfPage":{"@id":"https:\/\/www.cmclift.com\/es\/noticias\/cmc-vuelve-a-ser-protagonista-de-los-eventos-del-sector\/#primaryimage"},"image":{"@id":"https:\/\/www.cmclift.com\/es\/noticias\/cmc-vuelve-a-ser-protagonista-de-los-eventos-del-sector\/#primaryimage"},"thumbnailUrl":"https:\/\/www.cmclift.com\/wp-content\/uploads\/2022\/04\/Press-Room.jpg","datePublished":"2022-04-21T14:00:48+00:00","dateModified":"2022-04-21T14:22:01+00:00","description":"CMC est\u00e1 bien preparada para los pr\u00f3ximos eventos del sector de la elevaci\u00f3n que la llevar\u00e1n al centro del escenario durante todo el a\u00f1o.","breadcrumb":{"@id":"https:\/\/www.cmclift.com\/es\/noticias\/cmc-vuelve-a-ser-protagonista-de-los-eventos-del-sector\/#breadcrumb"},"inLanguage":"es","potentialAction":[{"@type":"ReadAction","target":["https:\/\/www.cmclift.com\/es\/noticias\/cmc-vuelve-a-ser-protagonista-de-los-eventos-del-sector\/"]}]},{"@type":"ImageObject","inLanguage":"es","@id":"https:\/\/www.cmclift.com\/es\/noticias\/cmc-vuelve-a-ser-protagonista-de-los-eventos-del-sector\/#primaryimage","url":"https:\/\/www.cmclift.com\/wp-content\/uploads\/2022\/04\/Press-Room.jpg","contentUrl":"https:\/\/www.cmclift.com\/wp-content\/uploads\/2022\/04\/Press-Room.jpg","width":867,"height":540},{"@type":"BreadcrumbList","@id":"https:\/\/www.cmclift.com\/es\/noticias\/cmc-vuelve-a-ser-protagonista-de-los-eventos-del-sector\/#breadcrumb","itemListElement":[{"@type":"ListItem","position":1,"name":"Home","item":"https:\/\/www.cmclift.com\/es\/"},{"@type":"ListItem","position":2,"name":"CMC VUELVE A SER PROTAGONISTA DE LOS EVENTOS DEL SECTOR"}]},{"@type":"WebSite","@id":"https:\/\/www.cmclift.com\/es\/#website","url":"https:\/\/www.cmclift.com\/es\/","name":"C.M.C. S.r.l.","description":"Piattaforme aeree semoventi cingolate, ragni, telescopiche e articolate","publisher":{"@id":"https:\/\/www.cmclift.com\/es\/#organization"},"potentialAction":[{"@type":"SearchAction","target":{"@type":"EntryPoint","urlTemplate":"https:\/\/www.cmclift.com\/es\/?s={search_term_string}"},"query-input":{"@type":"PropertyValueSpecification","valueRequired":true,"valueName":"search_term_string"}}],"inLanguage":"es"},{"@type":"Organization","@id":"https:\/\/www.cmclift.com\/es\/#organization","name":"CMC Lift","url":"https:\/\/www.cmclift.com\/es\/","logo":{"@type":"ImageObject","inLanguage":"es","@id":"https:\/\/www.cmclift.com\/es\/#\/schema\/logo\/image\/","url":"https:\/\/www.cmclift.com\/wp-content\/uploads\/2021\/08\/CMC_bianco_footer-2.png","contentUrl":"https:\/\/www.cmclift.com\/wp-content\/uploads\/2021\/08\/CMC_bianco_footer-2.png","width":250,"height":84,"caption":"CMC Lift"},"image":{"@id":"https:\/\/www.cmclift.com\/es\/#\/schema\/logo\/image\/"}},{"@type":"Person","@id":"https:\/\/www.cmclift.com\/es\/#\/schema\/person\/a22a59dedbc5326cf43be189368f497c","name":"cmc","image":{"@type":"ImageObject","inLanguage":"es","@id":"https:\/\/secure.gravatar.com\/avatar\/8497ad135a66f93e4f8464668522ca24458a2fc659df14ce7e5199b13770755a?s=96&d=mm&r=g","url":"https:\/\/secure.gravatar.com\/avatar\/8497ad135a66f93e4f8464668522ca24458a2fc659df14ce7e5199b13770755a?s=96&d=mm&r=g","contentUrl":"https:\/\/secure.gravatar.com\/avatar\/8497ad135a66f93e4f8464668522ca24458a2fc659df14ce7e5199b13770755a?s=96&d=mm&r=g","caption":"cmc"},"url":"https:\/\/www.cmclift.com\/es\/author\/cmc\/"}]}},"menu_order":0,"_links":{"self":[{"href":"https:\/\/www.cmclift.com\/es\/wp-json\/wp\/v2\/posts\/24822","targetHints":{"allow":["GET"]}}],"collection":[{"href":"https:\/\/www.cmclift.com\/es\/wp-json\/wp\/v2\/posts"}],"about":[{"href":"https:\/\/www.cmclift.com\/es\/wp-json\/wp\/v2\/types\/post"}],"author":[{"embeddable":true,"href":"https:\/\/www.cmclift.com\/es\/wp-json\/wp\/v2\/users\/9"}],"replies":[{"embeddable":true,"href":"https:\/\/www.cmclift.com\/es\/wp-json\/wp\/v2\/comments?post=24822"}],"version-history":[{"count":2,"href":"https:\/\/www.cmclift.com\/es\/wp-json\/wp\/v2\/posts\/24822\/revisions"}],"predecessor-version":[{"id":24836,"href":"https:\/\/www.cmclift.com\/es\/wp-json\/wp\/v2\/posts\/24822\/revisions\/24836"}],"wp:featuredmedia":[{"embeddable":true,"href":"https:\/\/www.cmclift.com\/es\/wp-json\/wp\/v2\/media\/24796"}],"wp:attachment":[{"href":"https:\/\/www.cmclift.com\/es\/wp-json\/wp\/v2\/media?parent=24822"}],"wp:term":[{"taxonomy":"category","embeddable":true,"href":"https:\/\/www.cmclift.com\/es\/wp-json\/wp\/v2\/categories?post=24822"},{"taxonomy":"post_tag","embeddable":true,"href":"https:\/\/www.cmclift.com\/es\/wp-json\/wp\/v2\/tags?post=24822"}],"curies":[{"name":"wp","href":"https:\/\/api.w.org\/{rel}","templated":true}]}}