{"id":25578,"date":"2022-05-20T16:40:02","date_gmt":"2022-05-20T14:40:02","guid":{"rendered":"https:\/\/www.cmclift.com\/?p=25578"},"modified":"2022-05-20T16:42:44","modified_gmt":"2022-05-20T14:42:44","slug":"cmc-presente-la-nouvelle-serie-f-aux-vertikal-days2022","status":"publish","type":"post","link":"https:\/\/www.cmclift.com\/fr\/actualites\/cmc-presente-la-nouvelle-serie-f-aux-vertikal-days2022\/","title":{"rendered":"CMC PR\u00c9SENTE LA NOUVELLE S\u00c9RIE F AUX VERTIKAL DAYS 2022"},"content":{"rendered":"<div class=\"wpb-content-wrapper\"><p>[vc_row][vc_column][vc_column_text]<span style=\"font-weight: 400;\">Peut-on d\u00e9cider de chercher \u00e0 \u00eatre ambitieux m\u00eame apr\u00e8s avoir atteint le sommet? La r\u00e9ponse est oui, si on agit dans une optique d&rsquo;am\u00e9lioration continue. Comme celle qui a incit\u00e9 CMC \u00e0 proc\u00e9der \u00e0 une mise \u00e0 jour consid\u00e9rable de l&rsquo;une de ses lignes de produits les plus populaires. Pr\u00e9sent\u00e9e en grande style au Bauma 2019, la gamme de produits hydrauliques de la s\u00e9rie F de CMC est rapidement devenue la reine du march\u00e9 sur le segment des nacelles compactes jusqu&rsquo;\u00e0 18 m\u00e8tres de hauteur de travail. Un succ\u00e8s qui s&rsquo;explique par la perception imm\u00e9diate des avantages que les araign\u00e9es de la s\u00e9rie F de CMC sont en mesure d&rsquo;offrir \u00e0 leurs utilisateurs, d\u00e8s la premi\u00e8re fois qu&rsquo;ils montent dans la nacelle.<\/span><\/p>\n<p><span style=\"font-weight: 400;\">Avant tout celui de la facilit\u00e9 d&rsquo;utilisation, gr\u00e2ce aux commandes hydrauliques particuli\u00e8rement simples et intuitives qui permettent une utilisation quasi imm\u00e9diate de la machine m\u00eame par des utilisateurs moins exp\u00e9riment\u00e9s. La d\u00e9cision de n&rsquo;utiliser que des aciers \u00e0 haute r\u00e9sistance permet \u00e9galement de contenir le poids op\u00e9rationnel de la machine sans compromettre sa robustesse et sa fiabilit\u00e9, facilitant ainsi son transport m\u00eame sur des remorques. Si l&rsquo;on ajoute \u00e0 cela la grande polyvalence d&rsquo;utilisation en ext\u00e9rieur et en int\u00e9rieur et la maintenance simplifi\u00e9e, il est facile de comprendre pourquoi les plates-formes de la s\u00e9rie F de CMC constituent le choix id\u00e9al pour la flotte de toute soci\u00e9t\u00e9 de location ainsi que pour les besoins de l&rsquo;utilisateur final. Trente mois apr\u00e8s son lancement, apr\u00e8s des centaines d&rsquo;unit\u00e9s produites et vendues, des travaux r\u00e9alis\u00e9s dans les applications les plus diverses, CMC se pr\u00e9sente aux Vertikal Days 2022 de Peterborough avec une S\u00e9rie F r\u00e9nov\u00e9e dans ses caract\u00e9ristiques d\u00e9j\u00e0 excellentes et enrichie dans ses \u00e9quipements de s\u00e9rie et en option d\u00e9j\u00e0 nombreux.<\/span><\/p>\n<p><span style=\"font-weight: 400;\">Voici les principales nouveaut\u00e9s:\u00a0<\/span><\/p>\n<p><span style=\"font-weight: 400;\"><strong>TUYAUX \u00c0 RACCORD RAPIDE<\/strong><br \/>\n<\/span><span style=\"font-weight: 400;\">Les raccords rapides permettent de connecter et de d\u00e9connecter instantan\u00e9ment les tuyaux d\u2019un circuit hydraulique d\u2019un seul geste manuel, ce qui offre rapidit\u00e9 et souplesse d\u2019installation et garantit l\u2019absence de fuites d\u2019huile hydraulique dues \u00e0 des raccords cass\u00e9s ou mal serr\u00e9s. Ces caract\u00e9ristiques r\u00e9duisent les temps d&rsquo;arr\u00eat des machines et augmentent la productivit\u00e9 et sont d\u00e9j\u00e0 en standard sur les mod\u00e8les S19HD, S22HD et S23. CMC est le premier fabricant \u00ab\u00a0araign\u00e9e\u00a0\u00bb \u00e0 utiliser les tuyaux \u00e0 raccord rapide.<\/span><\/p>\n<p><strong>R\u00c9SERVOIR PRESSURIS\u00c9<\/strong><span style=\"font-weight: 400;\"><br \/>\n<\/span><span style=\"font-weight: 400;\">Un choix qui accro\u00eet la propret\u00e9 du syst\u00e8me et r\u00e9duit le risque de temps d&rsquo;arr\u00eat. Dans le syst\u00e8me hydraulique \u00e0 circuit ferm\u00e9, l&rsquo;air et les d\u00e9bris ne peuvent pas \u00eatre aspir\u00e9s dans le r\u00e9servoir depuis l&rsquo;ext\u00e9rieur et l&rsquo;absence de scories dans le syst\u00e8me est garantie.\u00a0<\/span><\/p>\n<p><span style=\"font-weight: 400;\"><strong>DISTRIBUTEUR \u00c9LECTRO-HYDRAULIQUE<\/strong><br \/>\n<\/span><span style=\"font-weight: 400;\">La pr\u00e9cision, dans certains cas, n&rsquo;est jamais excessive. C&rsquo;est pourquoi les commandes hydrauliques ont \u00e9t\u00e9 con\u00e7ues pour inclure la stabilisation automatique et la double vitesse en standard.\u00a0<\/span><\/p>\n<p><strong>NOUVEAUX MOTEURS<\/strong><span style=\"font-weight: 400;\"><br \/>\n<\/span><span style=\"font-weight: 400;\">Le moteur Kubota et les versions hybrides sont maintenant disponibles en option.<\/span><\/p>\n<p><span style=\"font-weight: 400;\"><strong>NOUVEAU COMMANDE FIL\/RADIO<\/strong><br \/>\n<\/span><span style=\"font-weight: 400;\">Tous les mod\u00e8les de la nouvelle s\u00e9rie F sont command\u00e9s par une nouvelle t\u00e9l\u00e9commande standard. Elle peut \u00eatre facilement transform\u00e9e en une radiocommande sans fil \u00e0 tout moment gr\u00e2ce \u00e0 l&rsquo;achat d&rsquo;un kit sp\u00e9cial apr\u00e8s-vente qui comprend un \u00e9metteur, deux piles rechargeables rempla\u00e7ables et une station de charge pour la deuxi\u00e8me pile.\u00a0<\/span><\/p>\n<p><span style=\"font-weight: 400;\">\u00ab\u00a0Seule la volont\u00e9 de d\u00e9passer constamment vos limites vous permet de devenir une r\u00e9f\u00e9rence sur votre march\u00e9\u00a0\u00bb, d\u00e9clare <strong>Alessandro Mastrogiacomo<\/strong>, directeur des ventes \u00e0 l&rsquo;\u00e9tranger de CMC. \u00ab\u00a0La mise \u00e0 jour de la s\u00e9rie F est le r\u00e9sultat d&rsquo;une recherche minutieuse sur les domaines d&rsquo;am\u00e9lioration possibles d&rsquo;une gamme de produits qui sont d\u00e9j\u00e0 au premier plan aujourd&rsquo;hui, avec l&rsquo;objectif ambitieux de les positionner au sommet dans la t\u00eate de leurs utilisateurs actuels et potentiels\u00a0\u00bb.<\/span>[\/vc_column_text][\/vc_column][\/vc_row]<\/p>\n<\/div>","protected":false},"excerpt":{"rendered":"<p>[vc_row][vc_column][vc_column_text]Peut-on d\u00e9cider de chercher \u00e0 \u00eatre ambitieux m\u00eame apr\u00e8s avoir atteint le sommet? La r\u00e9ponse est oui, si on agit&#8230;<\/p>\n","protected":false},"author":9,"featured_media":25535,"comment_status":"closed","ping_status":"open","sticky":false,"template":"","format":"standard","meta":{"footnotes":""},"categories":[190],"tags":[193,194],"class_list":{"0":"post-25578","1":"post","2":"type-post","3":"status-publish","4":"format-standard","5":"has-post-thumbnail","7":"category-actualites","8":"tag-cmc-lift-fr-2","9":"tag-cmc-the-specialift-fr"},"yoast_head":"<!-- This site is optimized with the Yoast SEO plugin v27.5 - https:\/\/yoast.com\/product\/yoast-seo-wordpress\/ -->\n<title>CMC PR\u00c9SENTE LA NOUVELLE S\u00c9RIE F AUX VERTIKAL DAYS 2022<\/title>\n<meta name=\"description\" content=\"Apr\u00e8s trois ans de succ\u00e8s, la PEMP enti\u00e8rement hydraulique de CMC arrive dans une version r\u00e9vis\u00e9e pleine d&#039;innovations technologiques.\" \/>\n<meta name=\"robots\" content=\"index, follow, max-snippet:-1, max-image-preview:large, max-video-preview:-1\" \/>\n<link rel=\"canonical\" href=\"https:\/\/www.cmclift.com\/fr\/actualites\/cmc-presente-la-nouvelle-serie-f-aux-vertikal-days2022\/\" \/>\n<meta property=\"og:locale\" content=\"fr_FR\" \/>\n<meta property=\"og:type\" content=\"article\" \/>\n<meta property=\"og:title\" content=\"CMC PR\u00c9SENTE LA NOUVELLE S\u00c9RIE F AUX VERTIKAL DAYS 2022\" \/>\n<meta property=\"og:description\" content=\"Apr\u00e8s trois ans de succ\u00e8s, la PEMP enti\u00e8rement hydraulique de CMC arrive dans une version r\u00e9vis\u00e9e pleine d&#039;innovations technologiques.\" \/>\n<meta property=\"og:url\" content=\"https:\/\/www.cmclift.com\/fr\/actualites\/cmc-presente-la-nouvelle-serie-f-aux-vertikal-days2022\/\" \/>\n<meta property=\"og:site_name\" content=\"C.M.C. S.r.l.\" \/>\n<meta property=\"article:published_time\" content=\"2022-05-20T14:40:02+00:00\" \/>\n<meta property=\"article:modified_time\" content=\"2022-05-20T14:42:44+00:00\" \/>\n<meta property=\"og:image\" content=\"https:\/\/www.cmclift.com\/wp-content\/uploads\/2022\/05\/S18F-2022-web.jpg\" \/>\n\t<meta property=\"og:image:width\" content=\"867\" \/>\n\t<meta property=\"og:image:height\" content=\"540\" \/>\n\t<meta property=\"og:image:type\" content=\"image\/jpeg\" \/>\n<meta name=\"author\" content=\"cmc\" \/>\n<meta name=\"twitter:card\" content=\"summary_large_image\" \/>\n<meta name=\"twitter:label1\" content=\"\u00c9crit par\" \/>\n\t<meta name=\"twitter:data1\" content=\"cmc\" \/>\n\t<meta name=\"twitter:label2\" content=\"Dur\u00e9e de lecture estim\u00e9e\" \/>\n\t<meta name=\"twitter:data2\" content=\"4 minutes\" \/>\n<script type=\"application\/ld+json\" class=\"yoast-schema-graph\">{\"@context\":\"https:\\\/\\\/schema.org\",\"@graph\":[{\"@type\":\"Article\",\"@id\":\"https:\\\/\\\/www.cmclift.com\\\/fr\\\/actualites\\\/cmc-presente-la-nouvelle-serie-f-aux-vertikal-days2022\\\/#article\",\"isPartOf\":{\"@id\":\"https:\\\/\\\/www.cmclift.com\\\/fr\\\/actualites\\\/cmc-presente-la-nouvelle-serie-f-aux-vertikal-days2022\\\/\"},\"author\":{\"name\":\"cmc\",\"@id\":\"https:\\\/\\\/www.cmclift.com\\\/fr\\\/#\\\/schema\\\/person\\\/a22a59dedbc5326cf43be189368f497c\"},\"headline\":\"CMC PR\u00c9SENTE LA NOUVELLE S\u00c9RIE F AUX VERTIKAL DAYS 2022\",\"datePublished\":\"2022-05-20T14:40:02+00:00\",\"dateModified\":\"2022-05-20T14:42:44+00:00\",\"mainEntityOfPage\":{\"@id\":\"https:\\\/\\\/www.cmclift.com\\\/fr\\\/actualites\\\/cmc-presente-la-nouvelle-serie-f-aux-vertikal-days2022\\\/\"},\"wordCount\":701,\"publisher\":{\"@id\":\"https:\\\/\\\/www.cmclift.com\\\/fr\\\/#organization\"},\"image\":{\"@id\":\"https:\\\/\\\/www.cmclift.com\\\/fr\\\/actualites\\\/cmc-presente-la-nouvelle-serie-f-aux-vertikal-days2022\\\/#primaryimage\"},\"thumbnailUrl\":\"https:\\\/\\\/www.cmclift.com\\\/wp-content\\\/uploads\\\/2022\\\/05\\\/S18F-2022-web.jpg\",\"keywords\":[\"CMC LIFT\",\"CMC THE SPECIALIFT\"],\"articleSection\":[\"Actualit\u00e8s\"],\"inLanguage\":\"fr-FR\"},{\"@type\":\"WebPage\",\"@id\":\"https:\\\/\\\/www.cmclift.com\\\/fr\\\/actualites\\\/cmc-presente-la-nouvelle-serie-f-aux-vertikal-days2022\\\/\",\"url\":\"https:\\\/\\\/www.cmclift.com\\\/fr\\\/actualites\\\/cmc-presente-la-nouvelle-serie-f-aux-vertikal-days2022\\\/\",\"name\":\"CMC PR\u00c9SENTE LA NOUVELLE S\u00c9RIE F AUX VERTIKAL DAYS 2022\",\"isPartOf\":{\"@id\":\"https:\\\/\\\/www.cmclift.com\\\/fr\\\/#website\"},\"primaryImageOfPage\":{\"@id\":\"https:\\\/\\\/www.cmclift.com\\\/fr\\\/actualites\\\/cmc-presente-la-nouvelle-serie-f-aux-vertikal-days2022\\\/#primaryimage\"},\"image\":{\"@id\":\"https:\\\/\\\/www.cmclift.com\\\/fr\\\/actualites\\\/cmc-presente-la-nouvelle-serie-f-aux-vertikal-days2022\\\/#primaryimage\"},\"thumbnailUrl\":\"https:\\\/\\\/www.cmclift.com\\\/wp-content\\\/uploads\\\/2022\\\/05\\\/S18F-2022-web.jpg\",\"datePublished\":\"2022-05-20T14:40:02+00:00\",\"dateModified\":\"2022-05-20T14:42:44+00:00\",\"description\":\"Apr\u00e8s trois ans de succ\u00e8s, la PEMP enti\u00e8rement hydraulique de CMC arrive dans une version r\u00e9vis\u00e9e pleine d'innovations technologiques.\",\"breadcrumb\":{\"@id\":\"https:\\\/\\\/www.cmclift.com\\\/fr\\\/actualites\\\/cmc-presente-la-nouvelle-serie-f-aux-vertikal-days2022\\\/#breadcrumb\"},\"inLanguage\":\"fr-FR\",\"potentialAction\":[{\"@type\":\"ReadAction\",\"target\":[\"https:\\\/\\\/www.cmclift.com\\\/fr\\\/actualites\\\/cmc-presente-la-nouvelle-serie-f-aux-vertikal-days2022\\\/\"]}]},{\"@type\":\"ImageObject\",\"inLanguage\":\"fr-FR\",\"@id\":\"https:\\\/\\\/www.cmclift.com\\\/fr\\\/actualites\\\/cmc-presente-la-nouvelle-serie-f-aux-vertikal-days2022\\\/#primaryimage\",\"url\":\"https:\\\/\\\/www.cmclift.com\\\/wp-content\\\/uploads\\\/2022\\\/05\\\/S18F-2022-web.jpg\",\"contentUrl\":\"https:\\\/\\\/www.cmclift.com\\\/wp-content\\\/uploads\\\/2022\\\/05\\\/S18F-2022-web.jpg\",\"width\":867,\"height\":540},{\"@type\":\"BreadcrumbList\",\"@id\":\"https:\\\/\\\/www.cmclift.com\\\/fr\\\/actualites\\\/cmc-presente-la-nouvelle-serie-f-aux-vertikal-days2022\\\/#breadcrumb\",\"itemListElement\":[{\"@type\":\"ListItem\",\"position\":1,\"name\":\"Home\",\"item\":\"https:\\\/\\\/www.cmclift.com\\\/fr\\\/\"},{\"@type\":\"ListItem\",\"position\":2,\"name\":\"CMC PR\u00c9SENTE LA NOUVELLE S\u00c9RIE F AUX VERTIKAL DAYS 2022\"}]},{\"@type\":\"WebSite\",\"@id\":\"https:\\\/\\\/www.cmclift.com\\\/fr\\\/#website\",\"url\":\"https:\\\/\\\/www.cmclift.com\\\/fr\\\/\",\"name\":\"C.M.C. S.r.l.\",\"description\":\"Piattaforme aeree semoventi cingolate, ragni, telescopiche e articolate\",\"publisher\":{\"@id\":\"https:\\\/\\\/www.cmclift.com\\\/fr\\\/#organization\"},\"potentialAction\":[{\"@type\":\"SearchAction\",\"target\":{\"@type\":\"EntryPoint\",\"urlTemplate\":\"https:\\\/\\\/www.cmclift.com\\\/fr\\\/?s={search_term_string}\"},\"query-input\":{\"@type\":\"PropertyValueSpecification\",\"valueRequired\":true,\"valueName\":\"search_term_string\"}}],\"inLanguage\":\"fr-FR\"},{\"@type\":\"Organization\",\"@id\":\"https:\\\/\\\/www.cmclift.com\\\/fr\\\/#organization\",\"name\":\"CMC Lift\",\"url\":\"https:\\\/\\\/www.cmclift.com\\\/fr\\\/\",\"logo\":{\"@type\":\"ImageObject\",\"inLanguage\":\"fr-FR\",\"@id\":\"https:\\\/\\\/www.cmclift.com\\\/fr\\\/#\\\/schema\\\/logo\\\/image\\\/\",\"url\":\"https:\\\/\\\/www.cmclift.com\\\/wp-content\\\/uploads\\\/2021\\\/08\\\/CMC_bianco_footer-2.png\",\"contentUrl\":\"https:\\\/\\\/www.cmclift.com\\\/wp-content\\\/uploads\\\/2021\\\/08\\\/CMC_bianco_footer-2.png\",\"width\":250,\"height\":84,\"caption\":\"CMC Lift\"},\"image\":{\"@id\":\"https:\\\/\\\/www.cmclift.com\\\/fr\\\/#\\\/schema\\\/logo\\\/image\\\/\"}},{\"@type\":\"Person\",\"@id\":\"https:\\\/\\\/www.cmclift.com\\\/fr\\\/#\\\/schema\\\/person\\\/a22a59dedbc5326cf43be189368f497c\",\"name\":\"cmc\",\"image\":{\"@type\":\"ImageObject\",\"inLanguage\":\"fr-FR\",\"@id\":\"https:\\\/\\\/secure.gravatar.com\\\/avatar\\\/8497ad135a66f93e4f8464668522ca24458a2fc659df14ce7e5199b13770755a?s=96&d=mm&r=g\",\"url\":\"https:\\\/\\\/secure.gravatar.com\\\/avatar\\\/8497ad135a66f93e4f8464668522ca24458a2fc659df14ce7e5199b13770755a?s=96&d=mm&r=g\",\"contentUrl\":\"https:\\\/\\\/secure.gravatar.com\\\/avatar\\\/8497ad135a66f93e4f8464668522ca24458a2fc659df14ce7e5199b13770755a?s=96&d=mm&r=g\",\"caption\":\"cmc\"},\"url\":\"https:\\\/\\\/www.cmclift.com\\\/fr\\\/author\\\/cmc\\\/\"}]}<\/script>\n<!-- \/ Yoast SEO plugin. -->","yoast_head_json":{"title":"CMC PR\u00c9SENTE LA NOUVELLE S\u00c9RIE F AUX VERTIKAL DAYS 2022","description":"Apr\u00e8s trois ans de succ\u00e8s, la PEMP enti\u00e8rement hydraulique de CMC arrive dans une version r\u00e9vis\u00e9e pleine d'innovations technologiques.","robots":{"index":"index","follow":"follow","max-snippet":"max-snippet:-1","max-image-preview":"max-image-preview:large","max-video-preview":"max-video-preview:-1"},"canonical":"https:\/\/www.cmclift.com\/fr\/actualites\/cmc-presente-la-nouvelle-serie-f-aux-vertikal-days2022\/","og_locale":"fr_FR","og_type":"article","og_title":"CMC PR\u00c9SENTE LA NOUVELLE S\u00c9RIE F AUX VERTIKAL DAYS 2022","og_description":"Apr\u00e8s trois ans de succ\u00e8s, la PEMP enti\u00e8rement hydraulique de CMC arrive dans une version r\u00e9vis\u00e9e pleine d'innovations technologiques.","og_url":"https:\/\/www.cmclift.com\/fr\/actualites\/cmc-presente-la-nouvelle-serie-f-aux-vertikal-days2022\/","og_site_name":"C.M.C. S.r.l.","article_published_time":"2022-05-20T14:40:02+00:00","article_modified_time":"2022-05-20T14:42:44+00:00","og_image":[{"width":867,"height":540,"url":"https:\/\/www.cmclift.com\/wp-content\/uploads\/2022\/05\/S18F-2022-web.jpg","type":"image\/jpeg"}],"author":"cmc","twitter_card":"summary_large_image","twitter_misc":{"\u00c9crit par":"cmc","Dur\u00e9e de lecture estim\u00e9e":"4 minutes"},"schema":{"@context":"https:\/\/schema.org","@graph":[{"@type":"Article","@id":"https:\/\/www.cmclift.com\/fr\/actualites\/cmc-presente-la-nouvelle-serie-f-aux-vertikal-days2022\/#article","isPartOf":{"@id":"https:\/\/www.cmclift.com\/fr\/actualites\/cmc-presente-la-nouvelle-serie-f-aux-vertikal-days2022\/"},"author":{"name":"cmc","@id":"https:\/\/www.cmclift.com\/fr\/#\/schema\/person\/a22a59dedbc5326cf43be189368f497c"},"headline":"CMC PR\u00c9SENTE LA NOUVELLE S\u00c9RIE F AUX VERTIKAL DAYS 2022","datePublished":"2022-05-20T14:40:02+00:00","dateModified":"2022-05-20T14:42:44+00:00","mainEntityOfPage":{"@id":"https:\/\/www.cmclift.com\/fr\/actualites\/cmc-presente-la-nouvelle-serie-f-aux-vertikal-days2022\/"},"wordCount":701,"publisher":{"@id":"https:\/\/www.cmclift.com\/fr\/#organization"},"image":{"@id":"https:\/\/www.cmclift.com\/fr\/actualites\/cmc-presente-la-nouvelle-serie-f-aux-vertikal-days2022\/#primaryimage"},"thumbnailUrl":"https:\/\/www.cmclift.com\/wp-content\/uploads\/2022\/05\/S18F-2022-web.jpg","keywords":["CMC LIFT","CMC THE SPECIALIFT"],"articleSection":["Actualit\u00e8s"],"inLanguage":"fr-FR"},{"@type":"WebPage","@id":"https:\/\/www.cmclift.com\/fr\/actualites\/cmc-presente-la-nouvelle-serie-f-aux-vertikal-days2022\/","url":"https:\/\/www.cmclift.com\/fr\/actualites\/cmc-presente-la-nouvelle-serie-f-aux-vertikal-days2022\/","name":"CMC PR\u00c9SENTE LA NOUVELLE S\u00c9RIE F AUX VERTIKAL DAYS 2022","isPartOf":{"@id":"https:\/\/www.cmclift.com\/fr\/#website"},"primaryImageOfPage":{"@id":"https:\/\/www.cmclift.com\/fr\/actualites\/cmc-presente-la-nouvelle-serie-f-aux-vertikal-days2022\/#primaryimage"},"image":{"@id":"https:\/\/www.cmclift.com\/fr\/actualites\/cmc-presente-la-nouvelle-serie-f-aux-vertikal-days2022\/#primaryimage"},"thumbnailUrl":"https:\/\/www.cmclift.com\/wp-content\/uploads\/2022\/05\/S18F-2022-web.jpg","datePublished":"2022-05-20T14:40:02+00:00","dateModified":"2022-05-20T14:42:44+00:00","description":"Apr\u00e8s trois ans de succ\u00e8s, la PEMP enti\u00e8rement hydraulique de CMC arrive dans une version r\u00e9vis\u00e9e pleine d'innovations technologiques.","breadcrumb":{"@id":"https:\/\/www.cmclift.com\/fr\/actualites\/cmc-presente-la-nouvelle-serie-f-aux-vertikal-days2022\/#breadcrumb"},"inLanguage":"fr-FR","potentialAction":[{"@type":"ReadAction","target":["https:\/\/www.cmclift.com\/fr\/actualites\/cmc-presente-la-nouvelle-serie-f-aux-vertikal-days2022\/"]}]},{"@type":"ImageObject","inLanguage":"fr-FR","@id":"https:\/\/www.cmclift.com\/fr\/actualites\/cmc-presente-la-nouvelle-serie-f-aux-vertikal-days2022\/#primaryimage","url":"https:\/\/www.cmclift.com\/wp-content\/uploads\/2022\/05\/S18F-2022-web.jpg","contentUrl":"https:\/\/www.cmclift.com\/wp-content\/uploads\/2022\/05\/S18F-2022-web.jpg","width":867,"height":540},{"@type":"BreadcrumbList","@id":"https:\/\/www.cmclift.com\/fr\/actualites\/cmc-presente-la-nouvelle-serie-f-aux-vertikal-days2022\/#breadcrumb","itemListElement":[{"@type":"ListItem","position":1,"name":"Home","item":"https:\/\/www.cmclift.com\/fr\/"},{"@type":"ListItem","position":2,"name":"CMC PR\u00c9SENTE LA NOUVELLE S\u00c9RIE F AUX VERTIKAL DAYS 2022"}]},{"@type":"WebSite","@id":"https:\/\/www.cmclift.com\/fr\/#website","url":"https:\/\/www.cmclift.com\/fr\/","name":"C.M.C. S.r.l.","description":"Piattaforme aeree semoventi cingolate, ragni, telescopiche e articolate","publisher":{"@id":"https:\/\/www.cmclift.com\/fr\/#organization"},"potentialAction":[{"@type":"SearchAction","target":{"@type":"EntryPoint","urlTemplate":"https:\/\/www.cmclift.com\/fr\/?s={search_term_string}"},"query-input":{"@type":"PropertyValueSpecification","valueRequired":true,"valueName":"search_term_string"}}],"inLanguage":"fr-FR"},{"@type":"Organization","@id":"https:\/\/www.cmclift.com\/fr\/#organization","name":"CMC Lift","url":"https:\/\/www.cmclift.com\/fr\/","logo":{"@type":"ImageObject","inLanguage":"fr-FR","@id":"https:\/\/www.cmclift.com\/fr\/#\/schema\/logo\/image\/","url":"https:\/\/www.cmclift.com\/wp-content\/uploads\/2021\/08\/CMC_bianco_footer-2.png","contentUrl":"https:\/\/www.cmclift.com\/wp-content\/uploads\/2021\/08\/CMC_bianco_footer-2.png","width":250,"height":84,"caption":"CMC Lift"},"image":{"@id":"https:\/\/www.cmclift.com\/fr\/#\/schema\/logo\/image\/"}},{"@type":"Person","@id":"https:\/\/www.cmclift.com\/fr\/#\/schema\/person\/a22a59dedbc5326cf43be189368f497c","name":"cmc","image":{"@type":"ImageObject","inLanguage":"fr-FR","@id":"https:\/\/secure.gravatar.com\/avatar\/8497ad135a66f93e4f8464668522ca24458a2fc659df14ce7e5199b13770755a?s=96&d=mm&r=g","url":"https:\/\/secure.gravatar.com\/avatar\/8497ad135a66f93e4f8464668522ca24458a2fc659df14ce7e5199b13770755a?s=96&d=mm&r=g","contentUrl":"https:\/\/secure.gravatar.com\/avatar\/8497ad135a66f93e4f8464668522ca24458a2fc659df14ce7e5199b13770755a?s=96&d=mm&r=g","caption":"cmc"},"url":"https:\/\/www.cmclift.com\/fr\/author\/cmc\/"}]}},"menu_order":0,"_links":{"self":[{"href":"https:\/\/www.cmclift.com\/fr\/wp-json\/wp\/v2\/posts\/25578","targetHints":{"allow":["GET"]}}],"collection":[{"href":"https:\/\/www.cmclift.com\/fr\/wp-json\/wp\/v2\/posts"}],"about":[{"href":"https:\/\/www.cmclift.com\/fr\/wp-json\/wp\/v2\/types\/post"}],"author":[{"embeddable":true,"href":"https:\/\/www.cmclift.com\/fr\/wp-json\/wp\/v2\/users\/9"}],"replies":[{"embeddable":true,"href":"https:\/\/www.cmclift.com\/fr\/wp-json\/wp\/v2\/comments?post=25578"}],"version-history":[{"count":2,"href":"https:\/\/www.cmclift.com\/fr\/wp-json\/wp\/v2\/posts\/25578\/revisions"}],"predecessor-version":[{"id":25580,"href":"https:\/\/www.cmclift.com\/fr\/wp-json\/wp\/v2\/posts\/25578\/revisions\/25580"}],"wp:featuredmedia":[{"embeddable":true,"href":"https:\/\/www.cmclift.com\/fr\/wp-json\/wp\/v2\/media\/25535"}],"wp:attachment":[{"href":"https:\/\/www.cmclift.com\/fr\/wp-json\/wp\/v2\/media?parent=25578"}],"wp:term":[{"taxonomy":"category","embeddable":true,"href":"https:\/\/www.cmclift.com\/fr\/wp-json\/wp\/v2\/categories?post=25578"},{"taxonomy":"post_tag","embeddable":true,"href":"https:\/\/www.cmclift.com\/fr\/wp-json\/wp\/v2\/tags?post=25578"}],"curies":[{"name":"wp","href":"https:\/\/api.w.org\/{rel}","templated":true}]}}