{"id":38976,"date":"2023-11-18T10:00:54","date_gmt":"2023-11-18T09:00:54","guid":{"rendered":"https:\/\/www.cmclift.com\/?p=38976"},"modified":"2023-11-27T12:26:57","modified_gmt":"2023-11-27T11:26:57","slug":"cmc-exposera-a-smopyc-2023-hall-2-stand-b-c-21-30","status":"publish","type":"post","link":"https:\/\/www.cmclift.com\/fr\/evenements\/cmc-exposera-a-smopyc-2023-hall-2-stand-b-c-21-30\/","title":{"rendered":"CMC EXPOSERA \u00c0 SMOPYC 2023, HALL 2, STAND B-C\/21\/30"},"content":{"rendered":"<p>CMC EXPOSERA \u00c0 SMOPYC 2023, HALL 2, STAND B-C\/21\/30<\/p>\n<p>CMC, avec son nouveau distributeur Plataformas Moyma, exposera la CMC S18F du 23 au 25 novembre 2023, au Smopyc de Saragosse.<\/p>\n<p>La pr\u00e9sence de CMC dans les salons internationaux ne se d\u00e9ment pas.<\/p>\n<p>L&rsquo;Espagne, o\u00f9 CMC vient d&rsquo;annoncer l&rsquo;arriv\u00e9e d&rsquo;un nouveau concessionnaire exclusif, est un march\u00e9 cl\u00e9 pour la marque, et la pr\u00e9sence \u00e0 Smopyc n&rsquo;est qu&rsquo;une pi\u00e8ce de plus dans la strat\u00e9gie commerciale de CMC dans la p\u00e9ninsule ib\u00e9rique.<\/p>\n<p>Smopyc, qui en est \u00e0 sa 19e \u00e9dition, est l&rsquo;\u00e9v\u00e9nement espagnol de r\u00e9f\u00e9rence pour l&rsquo;industrie de la construction, du b\u00e2timent, des machines de construction et de l&rsquo;exploitation mini\u00e8re.<\/p>\n<p>Suivez les coulisses de l&rsquo;\u00e9v\u00e9nement sur les canaux num\u00e9riques officiels de CMC. Inscrivez-vous ci-dessous :<\/p>\n<p>https:\/\/www.Facebook.com\/cmcliftcom<br \/>\nhttps:\/\/www.Youtube.com\/cmcliftcom<br \/>\nhttps:\/\/www.Linkedin.com\/company\/cmc-lift<br \/>\nhttps:\/\/www.Instagram.com\/cmclift<br \/>\n<a class=\"twitter-timeline\" data-width=\"1170\" data-height=\"1000\" data-dnt=\"true\" href=\"https:\/\/twitter.com\/cmclift?ref_src=twsrc%5Etfw\">Tweets by cmclift<\/a><script async src=\"https:\/\/platform.twitter.com\/widgets.js\" charset=\"utf-8\"><\/script><\/p>\n<blockquote class=\"tiktok-embed\" cite=\"https:\/\/www.tiktok.com\/@cmcliftcom\" data-unique-id=\"cmcliftcom\" data-embed-from=\"oembed\" data-embed-type=\"creator\" style=\"max-width: 780px; min-width: 288px;\" >\n<section> <a target=\"_blank\" href=\"https:\/\/www.tiktok.com\/@cmcliftcom?refer=creator_embed\">@cmcliftcom<\/a> <\/section>\n<\/blockquote>\n<p> <script async src=\"https:\/\/www.tiktok.com\/embed.js\"><\/script><br \/>\nhttps:\/\/giphy.com\/CMCLIFThttps:\/\/t.me\/cmclift<br \/>\nhttps:\/\/open.spotify.com\/user\/bljmdfxrq0qjibvvvc1gey62g<\/p>\n","protected":false},"excerpt":{"rendered":"<p>CMC EXPOSERA \u00c0 SMOPYC 2023, HALL 2, STAND B-C\/21\/30 CMC, avec son nouveau distributeur Plataformas Moyma, exposera la CMC S18F&#8230;<\/p>\n","protected":false},"author":9,"featured_media":39078,"comment_status":"closed","ping_status":"open","sticky":false,"template":"","format":"standard","meta":{"footnotes":""},"categories":[190,189],"tags":[191,192,193,194],"class_list":{"0":"post-38976","1":"post","2":"type-post","3":"status-publish","4":"format-standard","5":"has-post-thumbnail","7":"category-actualites","8":"category-evenements","9":"tag-cmc-fr-2","10":"tag-cmc-aeral-platforms-en-fr","11":"tag-cmc-lift-fr-2","12":"tag-cmc-the-specialift-fr"},"yoast_head":"<!-- This site is optimized with the Yoast SEO plugin v27.5 - https:\/\/yoast.com\/product\/yoast-seo-wordpress\/ -->\n<title>CMC EXPOSERA \u00c0 SMOPYC 2023, HALL 2, STAND B-C\/21\/30 - C.M.C. S.r.l.<\/title>\n<meta name=\"description\" content=\"CMC EXPOSERA \u00c0 SMOPYC 2023, HALL 2, STAND B-C\/21\/30 CMC, avec son nouveau distributeur Plataformas Moyma, exposera la CMC S18F du 23 au 25 novembre 2023,\" \/>\n<meta name=\"robots\" content=\"index, follow, max-snippet:-1, max-image-preview:large, max-video-preview:-1\" \/>\n<link rel=\"canonical\" href=\"https:\/\/www.cmclift.com\/fr\/evenements\/cmc-exposera-a-smopyc-2023-hall-2-stand-b-c-21-30\/\" \/>\n<meta property=\"og:locale\" content=\"fr_FR\" \/>\n<meta property=\"og:type\" content=\"article\" \/>\n<meta property=\"og:title\" content=\"CMC EXPOSERA \u00c0 SMOPYC 2023, HALL 2, STAND B-C\/21\/30 - C.M.C. S.r.l.\" \/>\n<meta property=\"og:description\" content=\"CMC EXPOSERA \u00c0 SMOPYC 2023, HALL 2, STAND B-C\/21\/30 CMC, avec son nouveau distributeur Plataformas Moyma, exposera la CMC S18F du 23 au 25 novembre 2023,\" \/>\n<meta property=\"og:url\" content=\"https:\/\/www.cmclift.com\/fr\/evenements\/cmc-exposera-a-smopyc-2023-hall-2-stand-b-c-21-30\/\" \/>\n<meta property=\"og:site_name\" content=\"C.M.C. S.r.l.\" \/>\n<meta property=\"article:published_time\" content=\"2023-11-18T09:00:54+00:00\" \/>\n<meta property=\"article:modified_time\" content=\"2023-11-27T11:26:57+00:00\" \/>\n<meta property=\"og:image\" content=\"https:\/\/www.cmclift.com\/wp-content\/uploads\/2023\/11\/smopyc-2023-1.jpg\" \/>\n\t<meta property=\"og:image:width\" content=\"867\" \/>\n\t<meta property=\"og:image:height\" content=\"540\" \/>\n\t<meta property=\"og:image:type\" content=\"image\/jpeg\" \/>\n<meta name=\"author\" content=\"cmc\" \/>\n<meta name=\"twitter:card\" content=\"summary_large_image\" \/>\n<meta name=\"twitter:label1\" content=\"\u00c9crit par\" \/>\n\t<meta name=\"twitter:data1\" content=\"cmc\" \/>\n\t<meta name=\"twitter:label2\" content=\"Dur\u00e9e de lecture estim\u00e9e\" \/>\n\t<meta name=\"twitter:data2\" content=\"1 minute\" \/>\n<script type=\"application\/ld+json\" class=\"yoast-schema-graph\">{\"@context\":\"https:\\\/\\\/schema.org\",\"@graph\":[{\"@type\":\"Article\",\"@id\":\"https:\\\/\\\/www.cmclift.com\\\/fr\\\/evenements\\\/cmc-exposera-a-smopyc-2023-hall-2-stand-b-c-21-30\\\/#article\",\"isPartOf\":{\"@id\":\"https:\\\/\\\/www.cmclift.com\\\/fr\\\/evenements\\\/cmc-exposera-a-smopyc-2023-hall-2-stand-b-c-21-30\\\/\"},\"author\":{\"name\":\"cmc\",\"@id\":\"https:\\\/\\\/www.cmclift.com\\\/fr\\\/#\\\/schema\\\/person\\\/a22a59dedbc5326cf43be189368f497c\"},\"headline\":\"CMC EXPOSERA \u00c0 SMOPYC 2023, HALL 2, STAND B-C\\\/21\\\/30\",\"datePublished\":\"2023-11-18T09:00:54+00:00\",\"dateModified\":\"2023-11-27T11:26:57+00:00\",\"mainEntityOfPage\":{\"@id\":\"https:\\\/\\\/www.cmclift.com\\\/fr\\\/evenements\\\/cmc-exposera-a-smopyc-2023-hall-2-stand-b-c-21-30\\\/\"},\"wordCount\":184,\"publisher\":{\"@id\":\"https:\\\/\\\/www.cmclift.com\\\/fr\\\/#organization\"},\"image\":{\"@id\":\"https:\\\/\\\/www.cmclift.com\\\/fr\\\/evenements\\\/cmc-exposera-a-smopyc-2023-hall-2-stand-b-c-21-30\\\/#primaryimage\"},\"thumbnailUrl\":\"https:\\\/\\\/www.cmclift.com\\\/wp-content\\\/uploads\\\/2023\\\/11\\\/smopyc-2023-1.jpg\",\"keywords\":[\"CMC\",\"CMC Aeral Platforms\",\"CMC LIFT\",\"CMC THE SPECIALIFT\"],\"articleSection\":[\"Actualit\u00e8s\",\"\u00c9v\u00e9nements\"],\"inLanguage\":\"fr-FR\"},{\"@type\":\"WebPage\",\"@id\":\"https:\\\/\\\/www.cmclift.com\\\/fr\\\/evenements\\\/cmc-exposera-a-smopyc-2023-hall-2-stand-b-c-21-30\\\/\",\"url\":\"https:\\\/\\\/www.cmclift.com\\\/fr\\\/evenements\\\/cmc-exposera-a-smopyc-2023-hall-2-stand-b-c-21-30\\\/\",\"name\":\"CMC EXPOSERA \u00c0 SMOPYC 2023, HALL 2, STAND B-C\\\/21\\\/30 - C.M.C. S.r.l.\",\"isPartOf\":{\"@id\":\"https:\\\/\\\/www.cmclift.com\\\/fr\\\/#website\"},\"primaryImageOfPage\":{\"@id\":\"https:\\\/\\\/www.cmclift.com\\\/fr\\\/evenements\\\/cmc-exposera-a-smopyc-2023-hall-2-stand-b-c-21-30\\\/#primaryimage\"},\"image\":{\"@id\":\"https:\\\/\\\/www.cmclift.com\\\/fr\\\/evenements\\\/cmc-exposera-a-smopyc-2023-hall-2-stand-b-c-21-30\\\/#primaryimage\"},\"thumbnailUrl\":\"https:\\\/\\\/www.cmclift.com\\\/wp-content\\\/uploads\\\/2023\\\/11\\\/smopyc-2023-1.jpg\",\"datePublished\":\"2023-11-18T09:00:54+00:00\",\"dateModified\":\"2023-11-27T11:26:57+00:00\",\"description\":\"CMC EXPOSERA \u00c0 SMOPYC 2023, HALL 2, STAND B-C\\\/21\\\/30 CMC, avec son nouveau distributeur Plataformas Moyma, exposera la CMC S18F du 23 au 25 novembre 2023,\",\"breadcrumb\":{\"@id\":\"https:\\\/\\\/www.cmclift.com\\\/fr\\\/evenements\\\/cmc-exposera-a-smopyc-2023-hall-2-stand-b-c-21-30\\\/#breadcrumb\"},\"inLanguage\":\"fr-FR\",\"potentialAction\":[{\"@type\":\"ReadAction\",\"target\":[\"https:\\\/\\\/www.cmclift.com\\\/fr\\\/evenements\\\/cmc-exposera-a-smopyc-2023-hall-2-stand-b-c-21-30\\\/\"]}]},{\"@type\":\"ImageObject\",\"inLanguage\":\"fr-FR\",\"@id\":\"https:\\\/\\\/www.cmclift.com\\\/fr\\\/evenements\\\/cmc-exposera-a-smopyc-2023-hall-2-stand-b-c-21-30\\\/#primaryimage\",\"url\":\"https:\\\/\\\/www.cmclift.com\\\/wp-content\\\/uploads\\\/2023\\\/11\\\/smopyc-2023-1.jpg\",\"contentUrl\":\"https:\\\/\\\/www.cmclift.com\\\/wp-content\\\/uploads\\\/2023\\\/11\\\/smopyc-2023-1.jpg\",\"width\":867,\"height\":540},{\"@type\":\"BreadcrumbList\",\"@id\":\"https:\\\/\\\/www.cmclift.com\\\/fr\\\/evenements\\\/cmc-exposera-a-smopyc-2023-hall-2-stand-b-c-21-30\\\/#breadcrumb\",\"itemListElement\":[{\"@type\":\"ListItem\",\"position\":1,\"name\":\"Home\",\"item\":\"https:\\\/\\\/www.cmclift.com\\\/fr\\\/\"},{\"@type\":\"ListItem\",\"position\":2,\"name\":\"CMC EXPOSERA \u00c0 SMOPYC 2023, HALL 2, STAND B-C\\\/21\\\/30\"}]},{\"@type\":\"WebSite\",\"@id\":\"https:\\\/\\\/www.cmclift.com\\\/fr\\\/#website\",\"url\":\"https:\\\/\\\/www.cmclift.com\\\/fr\\\/\",\"name\":\"C.M.C. S.r.l.\",\"description\":\"Piattaforme aeree semoventi cingolate, ragni, telescopiche e articolate\",\"publisher\":{\"@id\":\"https:\\\/\\\/www.cmclift.com\\\/fr\\\/#organization\"},\"potentialAction\":[{\"@type\":\"SearchAction\",\"target\":{\"@type\":\"EntryPoint\",\"urlTemplate\":\"https:\\\/\\\/www.cmclift.com\\\/fr\\\/?s={search_term_string}\"},\"query-input\":{\"@type\":\"PropertyValueSpecification\",\"valueRequired\":true,\"valueName\":\"search_term_string\"}}],\"inLanguage\":\"fr-FR\"},{\"@type\":\"Organization\",\"@id\":\"https:\\\/\\\/www.cmclift.com\\\/fr\\\/#organization\",\"name\":\"CMC Lift\",\"url\":\"https:\\\/\\\/www.cmclift.com\\\/fr\\\/\",\"logo\":{\"@type\":\"ImageObject\",\"inLanguage\":\"fr-FR\",\"@id\":\"https:\\\/\\\/www.cmclift.com\\\/fr\\\/#\\\/schema\\\/logo\\\/image\\\/\",\"url\":\"https:\\\/\\\/www.cmclift.com\\\/wp-content\\\/uploads\\\/2021\\\/08\\\/CMC_bianco_footer-2.png\",\"contentUrl\":\"https:\\\/\\\/www.cmclift.com\\\/wp-content\\\/uploads\\\/2021\\\/08\\\/CMC_bianco_footer-2.png\",\"width\":250,\"height\":84,\"caption\":\"CMC Lift\"},\"image\":{\"@id\":\"https:\\\/\\\/www.cmclift.com\\\/fr\\\/#\\\/schema\\\/logo\\\/image\\\/\"}},{\"@type\":\"Person\",\"@id\":\"https:\\\/\\\/www.cmclift.com\\\/fr\\\/#\\\/schema\\\/person\\\/a22a59dedbc5326cf43be189368f497c\",\"name\":\"cmc\",\"image\":{\"@type\":\"ImageObject\",\"inLanguage\":\"fr-FR\",\"@id\":\"https:\\\/\\\/secure.gravatar.com\\\/avatar\\\/8497ad135a66f93e4f8464668522ca24458a2fc659df14ce7e5199b13770755a?s=96&d=mm&r=g\",\"url\":\"https:\\\/\\\/secure.gravatar.com\\\/avatar\\\/8497ad135a66f93e4f8464668522ca24458a2fc659df14ce7e5199b13770755a?s=96&d=mm&r=g\",\"contentUrl\":\"https:\\\/\\\/secure.gravatar.com\\\/avatar\\\/8497ad135a66f93e4f8464668522ca24458a2fc659df14ce7e5199b13770755a?s=96&d=mm&r=g\",\"caption\":\"cmc\"},\"url\":\"https:\\\/\\\/www.cmclift.com\\\/fr\\\/author\\\/cmc\\\/\"}]}<\/script>\n<!-- \/ Yoast SEO plugin. -->","yoast_head_json":{"title":"CMC EXPOSERA \u00c0 SMOPYC 2023, HALL 2, STAND B-C\/21\/30 - C.M.C. S.r.l.","description":"CMC EXPOSERA \u00c0 SMOPYC 2023, HALL 2, STAND B-C\/21\/30 CMC, avec son nouveau distributeur Plataformas Moyma, exposera la CMC S18F du 23 au 25 novembre 2023,","robots":{"index":"index","follow":"follow","max-snippet":"max-snippet:-1","max-image-preview":"max-image-preview:large","max-video-preview":"max-video-preview:-1"},"canonical":"https:\/\/www.cmclift.com\/fr\/evenements\/cmc-exposera-a-smopyc-2023-hall-2-stand-b-c-21-30\/","og_locale":"fr_FR","og_type":"article","og_title":"CMC EXPOSERA \u00c0 SMOPYC 2023, HALL 2, STAND B-C\/21\/30 - C.M.C. S.r.l.","og_description":"CMC EXPOSERA \u00c0 SMOPYC 2023, HALL 2, STAND B-C\/21\/30 CMC, avec son nouveau distributeur Plataformas Moyma, exposera la CMC S18F du 23 au 25 novembre 2023,","og_url":"https:\/\/www.cmclift.com\/fr\/evenements\/cmc-exposera-a-smopyc-2023-hall-2-stand-b-c-21-30\/","og_site_name":"C.M.C. S.r.l.","article_published_time":"2023-11-18T09:00:54+00:00","article_modified_time":"2023-11-27T11:26:57+00:00","og_image":[{"width":867,"height":540,"url":"https:\/\/www.cmclift.com\/wp-content\/uploads\/2023\/11\/smopyc-2023-1.jpg","type":"image\/jpeg"}],"author":"cmc","twitter_card":"summary_large_image","twitter_misc":{"\u00c9crit par":"cmc","Dur\u00e9e de lecture estim\u00e9e":"1 minute"},"schema":{"@context":"https:\/\/schema.org","@graph":[{"@type":"Article","@id":"https:\/\/www.cmclift.com\/fr\/evenements\/cmc-exposera-a-smopyc-2023-hall-2-stand-b-c-21-30\/#article","isPartOf":{"@id":"https:\/\/www.cmclift.com\/fr\/evenements\/cmc-exposera-a-smopyc-2023-hall-2-stand-b-c-21-30\/"},"author":{"name":"cmc","@id":"https:\/\/www.cmclift.com\/fr\/#\/schema\/person\/a22a59dedbc5326cf43be189368f497c"},"headline":"CMC EXPOSERA \u00c0 SMOPYC 2023, HALL 2, STAND B-C\/21\/30","datePublished":"2023-11-18T09:00:54+00:00","dateModified":"2023-11-27T11:26:57+00:00","mainEntityOfPage":{"@id":"https:\/\/www.cmclift.com\/fr\/evenements\/cmc-exposera-a-smopyc-2023-hall-2-stand-b-c-21-30\/"},"wordCount":184,"publisher":{"@id":"https:\/\/www.cmclift.com\/fr\/#organization"},"image":{"@id":"https:\/\/www.cmclift.com\/fr\/evenements\/cmc-exposera-a-smopyc-2023-hall-2-stand-b-c-21-30\/#primaryimage"},"thumbnailUrl":"https:\/\/www.cmclift.com\/wp-content\/uploads\/2023\/11\/smopyc-2023-1.jpg","keywords":["CMC","CMC Aeral Platforms","CMC LIFT","CMC THE SPECIALIFT"],"articleSection":["Actualit\u00e8s","\u00c9v\u00e9nements"],"inLanguage":"fr-FR"},{"@type":"WebPage","@id":"https:\/\/www.cmclift.com\/fr\/evenements\/cmc-exposera-a-smopyc-2023-hall-2-stand-b-c-21-30\/","url":"https:\/\/www.cmclift.com\/fr\/evenements\/cmc-exposera-a-smopyc-2023-hall-2-stand-b-c-21-30\/","name":"CMC EXPOSERA \u00c0 SMOPYC 2023, HALL 2, STAND B-C\/21\/30 - C.M.C. S.r.l.","isPartOf":{"@id":"https:\/\/www.cmclift.com\/fr\/#website"},"primaryImageOfPage":{"@id":"https:\/\/www.cmclift.com\/fr\/evenements\/cmc-exposera-a-smopyc-2023-hall-2-stand-b-c-21-30\/#primaryimage"},"image":{"@id":"https:\/\/www.cmclift.com\/fr\/evenements\/cmc-exposera-a-smopyc-2023-hall-2-stand-b-c-21-30\/#primaryimage"},"thumbnailUrl":"https:\/\/www.cmclift.com\/wp-content\/uploads\/2023\/11\/smopyc-2023-1.jpg","datePublished":"2023-11-18T09:00:54+00:00","dateModified":"2023-11-27T11:26:57+00:00","description":"CMC EXPOSERA \u00c0 SMOPYC 2023, HALL 2, STAND B-C\/21\/30 CMC, avec son nouveau distributeur Plataformas Moyma, exposera la CMC S18F du 23 au 25 novembre 2023,","breadcrumb":{"@id":"https:\/\/www.cmclift.com\/fr\/evenements\/cmc-exposera-a-smopyc-2023-hall-2-stand-b-c-21-30\/#breadcrumb"},"inLanguage":"fr-FR","potentialAction":[{"@type":"ReadAction","target":["https:\/\/www.cmclift.com\/fr\/evenements\/cmc-exposera-a-smopyc-2023-hall-2-stand-b-c-21-30\/"]}]},{"@type":"ImageObject","inLanguage":"fr-FR","@id":"https:\/\/www.cmclift.com\/fr\/evenements\/cmc-exposera-a-smopyc-2023-hall-2-stand-b-c-21-30\/#primaryimage","url":"https:\/\/www.cmclift.com\/wp-content\/uploads\/2023\/11\/smopyc-2023-1.jpg","contentUrl":"https:\/\/www.cmclift.com\/wp-content\/uploads\/2023\/11\/smopyc-2023-1.jpg","width":867,"height":540},{"@type":"BreadcrumbList","@id":"https:\/\/www.cmclift.com\/fr\/evenements\/cmc-exposera-a-smopyc-2023-hall-2-stand-b-c-21-30\/#breadcrumb","itemListElement":[{"@type":"ListItem","position":1,"name":"Home","item":"https:\/\/www.cmclift.com\/fr\/"},{"@type":"ListItem","position":2,"name":"CMC EXPOSERA \u00c0 SMOPYC 2023, HALL 2, STAND B-C\/21\/30"}]},{"@type":"WebSite","@id":"https:\/\/www.cmclift.com\/fr\/#website","url":"https:\/\/www.cmclift.com\/fr\/","name":"C.M.C. S.r.l.","description":"Piattaforme aeree semoventi cingolate, ragni, telescopiche e articolate","publisher":{"@id":"https:\/\/www.cmclift.com\/fr\/#organization"},"potentialAction":[{"@type":"SearchAction","target":{"@type":"EntryPoint","urlTemplate":"https:\/\/www.cmclift.com\/fr\/?s={search_term_string}"},"query-input":{"@type":"PropertyValueSpecification","valueRequired":true,"valueName":"search_term_string"}}],"inLanguage":"fr-FR"},{"@type":"Organization","@id":"https:\/\/www.cmclift.com\/fr\/#organization","name":"CMC Lift","url":"https:\/\/www.cmclift.com\/fr\/","logo":{"@type":"ImageObject","inLanguage":"fr-FR","@id":"https:\/\/www.cmclift.com\/fr\/#\/schema\/logo\/image\/","url":"https:\/\/www.cmclift.com\/wp-content\/uploads\/2021\/08\/CMC_bianco_footer-2.png","contentUrl":"https:\/\/www.cmclift.com\/wp-content\/uploads\/2021\/08\/CMC_bianco_footer-2.png","width":250,"height":84,"caption":"CMC Lift"},"image":{"@id":"https:\/\/www.cmclift.com\/fr\/#\/schema\/logo\/image\/"}},{"@type":"Person","@id":"https:\/\/www.cmclift.com\/fr\/#\/schema\/person\/a22a59dedbc5326cf43be189368f497c","name":"cmc","image":{"@type":"ImageObject","inLanguage":"fr-FR","@id":"https:\/\/secure.gravatar.com\/avatar\/8497ad135a66f93e4f8464668522ca24458a2fc659df14ce7e5199b13770755a?s=96&d=mm&r=g","url":"https:\/\/secure.gravatar.com\/avatar\/8497ad135a66f93e4f8464668522ca24458a2fc659df14ce7e5199b13770755a?s=96&d=mm&r=g","contentUrl":"https:\/\/secure.gravatar.com\/avatar\/8497ad135a66f93e4f8464668522ca24458a2fc659df14ce7e5199b13770755a?s=96&d=mm&r=g","caption":"cmc"},"url":"https:\/\/www.cmclift.com\/fr\/author\/cmc\/"}]}},"menu_order":0,"_links":{"self":[{"href":"https:\/\/www.cmclift.com\/fr\/wp-json\/wp\/v2\/posts\/38976","targetHints":{"allow":["GET"]}}],"collection":[{"href":"https:\/\/www.cmclift.com\/fr\/wp-json\/wp\/v2\/posts"}],"about":[{"href":"https:\/\/www.cmclift.com\/fr\/wp-json\/wp\/v2\/types\/post"}],"author":[{"embeddable":true,"href":"https:\/\/www.cmclift.com\/fr\/wp-json\/wp\/v2\/users\/9"}],"replies":[{"embeddable":true,"href":"https:\/\/www.cmclift.com\/fr\/wp-json\/wp\/v2\/comments?post=38976"}],"version-history":[{"count":1,"href":"https:\/\/www.cmclift.com\/fr\/wp-json\/wp\/v2\/posts\/38976\/revisions"}],"predecessor-version":[{"id":38977,"href":"https:\/\/www.cmclift.com\/fr\/wp-json\/wp\/v2\/posts\/38976\/revisions\/38977"}],"wp:featuredmedia":[{"embeddable":true,"href":"https:\/\/www.cmclift.com\/fr\/wp-json\/wp\/v2\/media\/39078"}],"wp:attachment":[{"href":"https:\/\/www.cmclift.com\/fr\/wp-json\/wp\/v2\/media?parent=38976"}],"wp:term":[{"taxonomy":"category","embeddable":true,"href":"https:\/\/www.cmclift.com\/fr\/wp-json\/wp\/v2\/categories?post=38976"},{"taxonomy":"post_tag","embeddable":true,"href":"https:\/\/www.cmclift.com\/fr\/wp-json\/wp\/v2\/tags?post=38976"}],"curies":[{"name":"wp","href":"https:\/\/api.w.org\/{rel}","templated":true}]}}